{"id":96464,"date":"2020-04-24T14:42:50","date_gmt":"2020-04-24T12:42:50","guid":{"rendered":"https:\/\/ipmark.com\/?p=96464"},"modified":"2020-04-24T14:42:50","modified_gmt":"2020-04-24T12:42:50","slug":"adecec-campana-comunicacion-valiente","status":"publish","type":"post","link":"https:\/\/ipmark.com\/?p=96464","title":{"rendered":"ADECEC aplaude a los \u201cvalientes\u201d que siguen comunicando"},"content":{"rendered":"<figure id=\"attachment_96475\" aria-describedby=\"caption-attachment-96475\" style=\"width: 690px\" class=\"wp-caption aligncenter\"><img loading=\"lazy\" decoding=\"async\" class=\"size-full wp-image-96475\" src=\"https:\/\/ipmark.com\/wp-content\/uploads\/2020\/04\/adecec.jpg\" alt=\"ADECEC lanza la campa\u00f1a #Comunicaci\u00f3nValiente #Comunicaci\u00f3nconValores\" width=\"690\" height=\"355\"><figcaption id=\"caption-attachment-96475\" class=\"wp-caption-text\">ADECEC lanza la campa\u00f1a #Comunicaci\u00f3nValiente #Comunicaci\u00f3nconValores<\/figcaption><\/figure>\n<p><b>ADECEC lanza la campa\u00f1a #Comunicaci\u00f3nValiente #Comunicaci\u00f3nconValores para agradecer a aquellas empresas, medios y profesionales que est\u00e1n apostando por \u201cuna acci\u00f3n y comunicaci\u00f3n responsable y transparente\u201d durante esta gran crisis sanitaria.&nbsp;<\/b><\/p>\n<p><span style=\"font-weight: 400;\">Se trata de un <\/span><b>homenaje del sector de las relaciones p\u00fablicas<\/b><span style=\"font-weight: 400;\"> a los que est\u00e1n dando m\u00e1s sentido que nunca a su prop\u00f3sito y demostr\u00e1ndolo con sus empleados, proveedores, clientes y sociedad.&nbsp;<\/span><\/p>\n<p><span style=\"font-weight: 400;\">&nbsp;<\/span><span style=\"font-weight: 400;\">La campa\u00f1a tiene un mensaje central, #Comunicaci\u00f3nValiente #Comunicaci\u00f3nConValores,&nbsp; a modo de tributo para todos los valientes con valores que est\u00e1n comprometidos con una <\/span><b>comunicaci\u00f3n responsable<\/b><span style=\"font-weight: 400;\">, que va ser determinante para lograr la recuperaci\u00f3n del pa\u00eds. La acci\u00f3n contar\u00e1 con diversas fases, que se ir\u00e1n desarrollando a lo largo de las siguientes semanas, que dar\u00e1n <\/span><b>visibilidad a ejemplos de contribuci\u00f3n de empresas y medios,<\/b><span style=\"font-weight: 400;\"> y los profesionales que est\u00e1n haciendo de la informaci\u00f3n \u201calgo posible\u201d.&nbsp;<\/span><\/p>\n<p><span style=\"font-weight: 400;\">\u201cIncluir\u00e1 homenajes a las empresas por su gran contribuci\u00f3n con acciones y mensajes comprometidos alejados del oportunismo; a los medios por seguir aportando <\/span><b>informaci\u00f3n veraz, transparente y de calidad<\/b><span style=\"font-weight: 400;\"> cuando se necesita m\u00e1s que nunca y a los profesionales de la gesti\u00f3n de intangibles y la comunicaci\u00f3n que, desde las agencias o marcas, trabajan sin descanso para hacer que todos juntos caminemos hacia la recuperaci\u00f3n\u201d, explica Almudena Alonso, presidenta de ADECEC.&nbsp;<\/span><\/p>\n<p><iframe loading=\"lazy\" title=\"#Comunicaci\u00f3nValiente #Comunicaci\u00f3nconValores\" width=\"800\" height=\"450\" src=\"https:\/\/www.youtube.com\/embed\/KLttCXz6JZM?feature=oembed\" frameborder=\"0\" allow=\"accelerometer; autoplay; clipboard-write; encrypted-media; gyroscope; picture-in-picture\" allowfullscreen><\/iframe><\/p>\n<p>&nbsp;<\/p>\n","protected":false},"excerpt":{"rendered":"<p>ADECEC lanza la campa\u00f1a #Comunicaci\u00f3nValiente #Comunicaci\u00f3nconValores para agradecer a aquellas empresas, medios y profesionales que est\u00e1n apostando por \u201cuna acci\u00f3n<\/p>\n","protected":false},"author":21,"featured_media":0,"comment_status":"open","ping_status":"closed","sticky":false,"template":"","format":"standard","meta":{"_acf_changed":false,"footnotes":""},"categories":[5896],"tags":[],"class_list":["post-96464","post","type-post","status-publish","format-standard","hentry","category-especiales-marcas-contra-el-covid-19"],"acf":[],"yoast_head":"<!-- This site is optimized with the Yoast SEO plugin v28.3 - https:\/\/yoast.com\/product\/yoast-seo-wordpress\/ -->\n<title>ADECEC aplaude a los \u201cvalientes\u201d que siguen comunicando<\/title>\n<meta name=\"description\" content=\"ADECEC lanza la campa\u00f1a #Comunicaci\u00f3nValiente #Comunicaci\u00f3nconValores para agradecer la labor de todos los que siguen comunicando en esta crisis.\" \/>\n<meta name=\"robots\" content=\"index, follow, max-snippet:-1, max-image-preview:large, max-video-preview:-1\" \/>\n<link rel=\"canonical\" href=\"https:\/\/ipmark.com\/?p=96464\" \/>\n<meta property=\"og:locale\" content=\"es_ES\" \/>\n<meta property=\"og:type\" content=\"article\" \/>\n<meta property=\"og:title\" content=\"ADECEC aplaude a los \u201cvalientes\u201d que siguen comunicando\" \/>\n<meta property=\"og:description\" content=\"ADECEC lanza la campa\u00f1a #Comunicaci\u00f3nValiente #Comunicaci\u00f3nconValores para agradecer la labor de todos los que siguen comunicando en esta crisis.\" \/>\n<meta property=\"og:url\" content=\"https:\/\/ipmark.com\/?p=96464\" \/>\n<meta property=\"og:site_name\" content=\"IPMARK | Informaci\u00f3n de valor sobre marketing, publicidad, comunicaci\u00f3n y tendencias digitales\" \/>\n<meta property=\"article:published_time\" content=\"2020-04-24T12:42:50+00:00\" \/>\n<meta property=\"og:image\" content=\"https:\/\/ipmark.com\/wp-content\/uploads\/2020\/04\/adecec.jpg\" \/>\n<meta name=\"author\" content=\"ipmark\" \/>\n<meta name=\"twitter:card\" content=\"summary_large_image\" \/>\n<meta name=\"twitter:label1\" content=\"Escrito por\" \/>\n\t<meta name=\"twitter:data1\" content=\"ipmark\" \/>\n\t<meta name=\"twitter:label2\" content=\"Tiempo de lectura\" \/>\n\t<meta name=\"twitter:data2\" content=\"1 minuto\" \/>\n<script type=\"application\/ld+json\" class=\"yoast-schema-graph\">{\"@context\":\"https:\\\/\\\/schema.org\",\"@graph\":[{\"@type\":\"Article\",\"@id\":\"https:\\\/\\\/ipmark.com\\\/?p=96464#article\",\"isPartOf\":{\"@id\":\"https:\\\/\\\/ipmark.com\\\/?p=96464\"},\"author\":{\"name\":\"ipmark\",\"@id\":\"https:\\\/\\\/ipmark.com\\\/#\\\/schema\\\/person\\\/27bd0ad78d511e9ab12d06f6568067e1\"},\"headline\":\"ADECEC aplaude a los \u201cvalientes\u201d que siguen comunicando\",\"datePublished\":\"2020-04-24T12:42:50+00:00\",\"mainEntityOfPage\":{\"@id\":\"https:\\\/\\\/ipmark.com\\\/?p=96464\"},\"wordCount\":280,\"commentCount\":0,\"image\":{\"@id\":\"https:\\\/\\\/ipmark.com\\\/?p=96464#primaryimage\"},\"thumbnailUrl\":\"https:\\\/\\\/ipmark.com\\\/wp-content\\\/uploads\\\/2020\\\/04\\\/adecec.jpg\",\"articleSection\":[\"ESPECIALES - MARCAS CONTRA EL COVID-19\"],\"inLanguage\":\"es\"},{\"@type\":\"WebPage\",\"@id\":\"https:\\\/\\\/ipmark.com\\\/?p=96464\",\"url\":\"https:\\\/\\\/ipmark.com\\\/?p=96464\",\"name\":\"ADECEC aplaude a los \u201cvalientes\u201d que siguen comunicando\",\"isPartOf\":{\"@id\":\"https:\\\/\\\/ipmark.com\\\/#website\"},\"primaryImageOfPage\":{\"@id\":\"https:\\\/\\\/ipmark.com\\\/?p=96464#primaryimage\"},\"image\":{\"@id\":\"https:\\\/\\\/ipmark.com\\\/?p=96464#primaryimage\"},\"thumbnailUrl\":\"https:\\\/\\\/ipmark.com\\\/wp-content\\\/uploads\\\/2020\\\/04\\\/adecec.jpg\",\"datePublished\":\"2020-04-24T12:42:50+00:00\",\"author\":{\"@id\":\"https:\\\/\\\/ipmark.com\\\/#\\\/schema\\\/person\\\/27bd0ad78d511e9ab12d06f6568067e1\"},\"description\":\"ADECEC lanza la campa\u00f1a #Comunicaci\u00f3nValiente #Comunicaci\u00f3nconValores para agradecer la labor de todos los que siguen comunicando en esta crisis.\",\"breadcrumb\":{\"@id\":\"https:\\\/\\\/ipmark.com\\\/?p=96464#breadcrumb\"},\"inLanguage\":\"es\",\"potentialAction\":[{\"@type\":\"ReadAction\",\"target\":[\"https:\\\/\\\/ipmark.com\\\/?p=96464\"]}]},{\"@type\":\"ImageObject\",\"inLanguage\":\"es\",\"@id\":\"https:\\\/\\\/ipmark.com\\\/?p=96464#primaryimage\",\"url\":\"\",\"contentUrl\":\"\"},{\"@type\":\"BreadcrumbList\",\"@id\":\"https:\\\/\\\/ipmark.com\\\/?p=96464#breadcrumb\",\"itemListElement\":[{\"@type\":\"ListItem\",\"position\":1,\"name\":\"Portada\",\"item\":\"https:\\\/\\\/ipmark.com\\\/\"},{\"@type\":\"ListItem\",\"position\":2,\"name\":\"ADECEC aplaude a los \u201cvalientes\u201d que siguen comunicando\"}]},{\"@type\":\"WebSite\",\"@id\":\"https:\\\/\\\/ipmark.com\\\/#website\",\"url\":\"https:\\\/\\\/ipmark.com\\\/\",\"name\":\"IPMARK | Informaci\u00f3n de valor sobre marketing, publicidad, comunicaci\u00f3n y tendencias digitales\",\"description\":\"Creaci\u00f3n de contenidos y eventos relevantes en torno a las marcas, las agencias, servicios de marketing y medios, \u00fatiles para la toma de decisiones en el d\u00eda a d\u00eda de los profesionales del marketing\",\"potentialAction\":[{\"@type\":\"SearchAction\",\"target\":{\"@type\":\"EntryPoint\",\"urlTemplate\":\"https:\\\/\\\/ipmark.com\\\/?s={search_term_string}\"},\"query-input\":{\"@type\":\"PropertyValueSpecification\",\"valueRequired\":true,\"valueName\":\"search_term_string\"}}],\"inLanguage\":\"es\"},{\"@type\":\"Person\",\"@id\":\"https:\\\/\\\/ipmark.com\\\/#\\\/schema\\\/person\\\/27bd0ad78d511e9ab12d06f6568067e1\",\"name\":\"ipmark\",\"image\":{\"@type\":\"ImageObject\",\"inLanguage\":\"es\",\"@id\":\"https:\\\/\\\/secure.gravatar.com\\\/avatar\\\/386009538b8cc7d7f1fd9eb965ed74cc85c95ce0765d3dbe671542b85d6a9bae?s=96&d=mm&r=g\",\"url\":\"https:\\\/\\\/secure.gravatar.com\\\/avatar\\\/386009538b8cc7d7f1fd9eb965ed74cc85c95ce0765d3dbe671542b85d6a9bae?s=96&d=mm&r=g\",\"contentUrl\":\"https:\\\/\\\/secure.gravatar.com\\\/avatar\\\/386009538b8cc7d7f1fd9eb965ed74cc85c95ce0765d3dbe671542b85d6a9bae?s=96&d=mm&r=g\",\"caption\":\"ipmark\"},\"url\":\"https:\\\/\\\/ipmark.com\\\/?author=21\"}]}<\/script>\n<!-- \/ Yoast SEO plugin. -->","yoast_head_json":{"title":"ADECEC aplaude a los \u201cvalientes\u201d que siguen comunicando","description":"ADECEC lanza la campa\u00f1a #Comunicaci\u00f3nValiente #Comunicaci\u00f3nconValores para agradecer la labor de todos los que siguen comunicando en esta crisis.","robots":{"index":"index","follow":"follow","max-snippet":"max-snippet:-1","max-image-preview":"max-image-preview:large","max-video-preview":"max-video-preview:-1"},"canonical":"https:\/\/ipmark.com\/?p=96464","og_locale":"es_ES","og_type":"article","og_title":"ADECEC aplaude a los \u201cvalientes\u201d que siguen comunicando","og_description":"ADECEC lanza la campa\u00f1a #Comunicaci\u00f3nValiente #Comunicaci\u00f3nconValores para agradecer la labor de todos los que siguen comunicando en esta crisis.","og_url":"https:\/\/ipmark.com\/?p=96464","og_site_name":"IPMARK | Informaci\u00f3n de valor sobre marketing, publicidad, comunicaci\u00f3n y tendencias digitales","article_published_time":"2020-04-24T12:42:50+00:00","og_image":[{"url":"https:\/\/ipmark.com\/wp-content\/uploads\/2020\/04\/adecec.jpg","type":"","width":"","height":""}],"author":"ipmark","twitter_card":"summary_large_image","twitter_misc":{"Escrito por":"ipmark","Tiempo de lectura":"1 minuto"},"schema":{"@context":"https:\/\/schema.org","@graph":[{"@type":"Article","@id":"https:\/\/ipmark.com\/?p=96464#article","isPartOf":{"@id":"https:\/\/ipmark.com\/?p=96464"},"author":{"name":"ipmark","@id":"https:\/\/ipmark.com\/#\/schema\/person\/27bd0ad78d511e9ab12d06f6568067e1"},"headline":"ADECEC aplaude a los \u201cvalientes\u201d que siguen comunicando","datePublished":"2020-04-24T12:42:50+00:00","mainEntityOfPage":{"@id":"https:\/\/ipmark.com\/?p=96464"},"wordCount":280,"commentCount":0,"image":{"@id":"https:\/\/ipmark.com\/?p=96464#primaryimage"},"thumbnailUrl":"https:\/\/ipmark.com\/wp-content\/uploads\/2020\/04\/adecec.jpg","articleSection":["ESPECIALES - MARCAS CONTRA EL COVID-19"],"inLanguage":"es"},{"@type":"WebPage","@id":"https:\/\/ipmark.com\/?p=96464","url":"https:\/\/ipmark.com\/?p=96464","name":"ADECEC aplaude a los \u201cvalientes\u201d que siguen comunicando","isPartOf":{"@id":"https:\/\/ipmark.com\/#website"},"primaryImageOfPage":{"@id":"https:\/\/ipmark.com\/?p=96464#primaryimage"},"image":{"@id":"https:\/\/ipmark.com\/?p=96464#primaryimage"},"thumbnailUrl":"https:\/\/ipmark.com\/wp-content\/uploads\/2020\/04\/adecec.jpg","datePublished":"2020-04-24T12:42:50+00:00","author":{"@id":"https:\/\/ipmark.com\/#\/schema\/person\/27bd0ad78d511e9ab12d06f6568067e1"},"description":"ADECEC lanza la campa\u00f1a #Comunicaci\u00f3nValiente #Comunicaci\u00f3nconValores para agradecer la labor de todos los que siguen comunicando en esta crisis.","breadcrumb":{"@id":"https:\/\/ipmark.com\/?p=96464#breadcrumb"},"inLanguage":"es","potentialAction":[{"@type":"ReadAction","target":["https:\/\/ipmark.com\/?p=96464"]}]},{"@type":"ImageObject","inLanguage":"es","@id":"https:\/\/ipmark.com\/?p=96464#primaryimage","url":"","contentUrl":""},{"@type":"BreadcrumbList","@id":"https:\/\/ipmark.com\/?p=96464#breadcrumb","itemListElement":[{"@type":"ListItem","position":1,"name":"Portada","item":"https:\/\/ipmark.com\/"},{"@type":"ListItem","position":2,"name":"ADECEC aplaude a los \u201cvalientes\u201d que siguen comunicando"}]},{"@type":"WebSite","@id":"https:\/\/ipmark.com\/#website","url":"https:\/\/ipmark.com\/","name":"IPMARK | Informaci\u00f3n de valor sobre marketing, publicidad, comunicaci\u00f3n y tendencias digitales","description":"Creaci\u00f3n de contenidos y eventos relevantes en torno a las marcas, las agencias, servicios de marketing y medios, \u00fatiles para la toma de decisiones en el d\u00eda a d\u00eda de los profesionales del marketing","potentialAction":[{"@type":"SearchAction","target":{"@type":"EntryPoint","urlTemplate":"https:\/\/ipmark.com\/?s={search_term_string}"},"query-input":{"@type":"PropertyValueSpecification","valueRequired":true,"valueName":"search_term_string"}}],"inLanguage":"es"},{"@type":"Person","@id":"https:\/\/ipmark.com\/#\/schema\/person\/27bd0ad78d511e9ab12d06f6568067e1","name":"ipmark","image":{"@type":"ImageObject","inLanguage":"es","@id":"https:\/\/secure.gravatar.com\/avatar\/386009538b8cc7d7f1fd9eb965ed74cc85c95ce0765d3dbe671542b85d6a9bae?s=96&d=mm&r=g","url":"https:\/\/secure.gravatar.com\/avatar\/386009538b8cc7d7f1fd9eb965ed74cc85c95ce0765d3dbe671542b85d6a9bae?s=96&d=mm&r=g","contentUrl":"https:\/\/secure.gravatar.com\/avatar\/386009538b8cc7d7f1fd9eb965ed74cc85c95ce0765d3dbe671542b85d6a9bae?s=96&d=mm&r=g","caption":"ipmark"},"url":"https:\/\/ipmark.com\/?author=21"}]}},"_links":{"self":[{"href":"https:\/\/ipmark.com\/index.php?rest_route=\/wp\/v2\/posts\/96464","targetHints":{"allow":["GET"]}}],"collection":[{"href":"https:\/\/ipmark.com\/index.php?rest_route=\/wp\/v2\/posts"}],"about":[{"href":"https:\/\/ipmark.com\/index.php?rest_route=\/wp\/v2\/types\/post"}],"author":[{"embeddable":true,"href":"https:\/\/ipmark.com\/index.php?rest_route=\/wp\/v2\/users\/21"}],"replies":[{"embeddable":true,"href":"https:\/\/ipmark.com\/index.php?rest_route=%2Fwp%2Fv2%2Fcomments&post=96464"}],"version-history":[{"count":0,"href":"https:\/\/ipmark.com\/index.php?rest_route=\/wp\/v2\/posts\/96464\/revisions"}],"wp:attachment":[{"href":"https:\/\/ipmark.com\/index.php?rest_route=%2Fwp%2Fv2%2Fmedia&parent=96464"}],"wp:term":[{"taxonomy":"category","embeddable":true,"href":"https:\/\/ipmark.com\/index.php?rest_route=%2Fwp%2Fv2%2Fcategories&post=96464"},{"taxonomy":"post_tag","embeddable":true,"href":"https:\/\/ipmark.com\/index.php?rest_route=%2Fwp%2Fv2%2Ftags&post=96464"}],"curies":[{"name":"wp","href":"https:\/\/api.w.org\/{rel}","templated":true}]}}