{"id":96093,"date":"2020-04-20T13:36:28","date_gmt":"2020-04-20T11:36:28","guid":{"rendered":"https:\/\/ipmark.com\/?p=96093"},"modified":"2020-04-20T13:36:28","modified_gmt":"2020-04-20T11:36:28","slug":"ferias-congresos-perdidas-millonarias-por-covid-19","status":"publish","type":"post","link":"https:\/\/ipmark.com\/ferias-congresos-perdidas-millonarias-por-covid-19\/","title":{"rendered":"Ferias y Congresos suman su voz para solicitar ayudas ante la crisis COVID-19"},"content":{"rendered":"<p style=\"font-weight: 400;\"><strong><img decoding=\"async\" class=\"aligncenter size-full wp-image-96112\" src=\"https:\/\/ipmark.com\/wp-content\/uploads\/2020\/04\/Promogift.jpg\" alt=\"Promogift\" width=\"690\" height=\"460\">La expansi\u00f3n de la pandemia por COVID-19 ha supuesto la cancelaci\u00f3n o retraso de m\u00e1s de 190 ferias y 270 congresos en Espa\u00f1a. Por ello, La Asociaci\u00f3n de Ferias Espa\u00f1olas (AFE) y la Asociaci\u00f3n de Palacios de Congresos de Espa\u00f1a (APCE) han unido sus voces para solicitar ayudas al Ministerio de Industria, Comercio y Turismo con la finalidad de paliar los efectos de la crisis&nbsp; y retomar lo antes posible la actividad ferial y congresual espa\u00f1ola, motor de crecimiento de muchos sectores y de tracci\u00f3n de negocio internacional.<\/strong><\/p>\n<p style=\"font-weight: 400;\">En Europa, en el \u00e1mbito ferial exclusivamente, la situaci\u00f3n afecta a m\u00e1s de 3.300 ferias canceladas o aplazadas y el da\u00f1o econ\u00f3mico causado solamente por las ferias canceladas, seg\u00fan lo previsto hasta finales de junio, ser\u00e1 de 28.800 millones de euros.<\/p>\n<p style=\"font-weight: 400;\">Al respecto, el&nbsp;<strong>Presidente de la Asociaci\u00f3n de Ferias Espa\u00f1olas, Xabier Basa\u00f1ez<\/strong>, ha manifestado que \u201cante una situaci\u00f3n tan preocupante como la que estamos viviendo, nuestro sector, como parte relevante del turismo MICE, debe estar unido y transmitir a la Administraci\u00f3n la necesidad de apoyo decidido para poder subsistir y seguir asumiendo nuestro papel de motor de desarrollo para aquellos sectores que ayuden a activar nuevamente la econom\u00eda y el crecimiento del pa\u00eds\u201d.<\/p>\n<p style=\"font-weight: 400;\">Por su parte, el&nbsp;<strong>Presidente de la<\/strong>&nbsp;<strong>Asociaci\u00f3n de Palacios de Congresos de Espa\u00f1a, Iker Goikoetxea<\/strong>, ha declarado que \u201clos congresos y reuniones son muy importantes en el panorama espa\u00f1ol, y no s\u00f3lo en t\u00e9rminos econ\u00f3micos sino tambi\u00e9n como eje vertebrador de todo un ecosistema de valor a\u00f1adido conformado por centros tecnol\u00f3gicos, de I+D+i, m\u00e9dicos, y de otra \u00edndole. Sin duda, merecen el respaldo de los poderes p\u00fablicos en momentos trascendentales como \u00e9ste para garantizar su continuidad\u201d.<\/p>\n<p style=\"font-weight: 400;\"><strong>Las ayudas solicitadas son de diferente naturaleza:<\/strong><\/p>\n<p style=\"font-weight: 400;\">&#8211;&nbsp;&nbsp;&nbsp;&nbsp;&nbsp;<strong>&nbsp;<em>Ayudas para expositores\/patrocinadores y visitantes de las ferias, congresos y otros eventos<\/em><\/strong>, entre las que cabe destacar las l\u00edneas de financiaci\u00f3n ICO para acometer los gastos de participaci\u00f3n en ferias comerciales, congresos u otros eventos o la desgravaci\u00f3n fiscal en el Impuesto de Sociedades a las empresas que participen en los mismos.<\/p>\n<p style=\"font-weight: 400;\">&#8211;&nbsp;&nbsp;&nbsp;&nbsp;&nbsp;&nbsp;<strong><em>Ayudas para los recintos feriales, palacios de congresos y organizadores de eventos externos<\/em><\/strong>, por el sobreesfuerzo inversor que precisar\u00e1n una vez se supere esta situaci\u00f3n. Se han solicitado ayudas que sobre todo puedan trasladar a sus proveedores y clientes, mediante la cobertura de gastos, organizaci\u00f3n de misiones comerciales, o para asumir gastos de comunicaci\u00f3n y marketing, entre otros.<\/p>\n<p style=\"font-weight: 400;\">&#8211;&nbsp;&nbsp;&nbsp;&nbsp;&nbsp;&nbsp;<strong><em>Ayudas para acciones sectoriales conjuntas<\/em><\/strong>, es decir, destinadas a desarrollar una importante campa\u00f1a conjunta de comunicaci\u00f3n post crisis, para incentivar a las empresas y profesionales y que vuelvan a invertir en las ferias, congresos u otros eventos, como instrumento de marketing, de transmisi\u00f3n de conocimiento, de motivaci\u00f3n de sus equipos, etc.<\/p>\n<p style=\"font-weight: 400;\">&#8211;&nbsp;&nbsp;&nbsp;&nbsp;&nbsp;&nbsp;Y, por \u00faltimo,&nbsp;<strong><em>ayudas para los proveedores de servicios en las ferias comerciales y congresos<\/em><\/strong>, tambi\u00e9n representados en ambas asociaciones. Se trata de empresas fuertemente da\u00f1adas por las cancelaciones y aplazamientos, que precisan apoyo a trav\u00e9s de desgravaciones fiscales, ERTEs, flexibilidad laboral, subvenciones y l\u00edneas de cr\u00e9dito, entre otras.&nbsp;<\/p>\n<p style=\"font-weight: 400;\"><img decoding=\"async\" class=\"aligncenter size-full wp-image-96113\" src=\"https:\/\/ipmark.com\/wp-content\/uploads\/2020\/04\/Congreso-SEPA-FYCMA.jpg\" alt=\"Congreso SEPA FYCMA\" width=\"690\" height=\"316\"><\/p>\n<p style=\"font-weight: 400;\"><strong>Un sector paralizado<\/strong><\/p>\n<p style=\"font-weight: 400;\">La actividad ferial y congresual ha sido una de las primeras en sufrir la crisis por el cese inmediato de la mayor\u00eda de los eventos programados en todas sus instalaciones. Especialmente a partir de la segunda semana de marzo comenzaron a cancelarse o aplazarse pr\u00e1cticamente todos los eventos desde ese mes hasta junio. Las p\u00e9rdidas en el sector son muy cuantiosas.<\/p>\n<p style=\"font-weight: 400;\">Adem\u00e1s, este escenario genera un claro efecto domin\u00f3 para muchos otros sectores relacionados (alojamiento, restauraci\u00f3n, viajes, transportes, montaje de stands, audiovisuales, azafatas e int\u00e9rpretes, iluminaci\u00f3n y sonido, servicios diversos, ocio y muchos otros). Las entidades que participan en la organizaci\u00f3n de ferias o congresos y las firmas expositoras\/patrocinadoras y los proveedores est\u00e1n sufriendo un grave perjuicio. Por otra parte, la falta de actividad de las empresas frenar\u00e1 su capacidad de inversi\u00f3n.<\/p>\n<p style=\"font-weight: 400;\"><em>La&nbsp;<strong>Asociaci\u00f3n de Ferias Espa\u00f1olas (AFE)<\/strong>&nbsp;y la&nbsp;<strong>Asociaci\u00f3n de Palacios de Congresos de Espa\u00f1a (APCE)<\/strong>&nbsp;representan, respectivamente, a los principales recintos y organizadores de ferias comerciales y a los palacios de congresos en nuestro pa\u00eds, uno de los m\u00e1s destacados de Europa en las dos actividades. La suma de ambas genera un impacto econ\u00f3mico inducido anual de m\u00e1s de 12.000 millones de euros y supone miles de empleos directos e indirectos.<\/em><\/p>\n","protected":false},"excerpt":{"rendered":"<p>La expansi\u00f3n de la pandemia por COVID-19 ha supuesto la cancelaci\u00f3n o retraso de m\u00e1s de 190 ferias y 270<\/p>\n","protected":false},"author":21,"featured_media":0,"comment_status":"open","ping_status":"closed","sticky":false,"template":"","format":"standard","meta":{"_acf_changed":false,"footnotes":""},"categories":[54],"tags":[],"class_list":["post-96093","post","type-post","status-publish","format-standard","hentry","category-eventos"],"acf":[],"yoast_head":"<!-- This site is optimized with the Yoast SEO plugin v28.4 - https:\/\/yoast.com\/product\/yoast-seo-wordpress\/ -->\n<title>Ferias y Congresos piden ayudas al Gobierno para paliar efecto COVID-19<\/title>\n<meta name=\"description\" content=\"El sector de las Ferias y Congresos es uno de los m\u00e1s afectados por la crisis COVID-19 y sus principales asociaciones piden ayudas estatales.\" \/>\n<meta name=\"robots\" content=\"index, follow, max-snippet:-1, max-image-preview:large, max-video-preview:-1\" \/>\n<link rel=\"canonical\" href=\"https:\/\/ipmark.com\/ferias-congresos-perdidas-millonarias-por-covid-19\/\" \/>\n<meta property=\"og:locale\" content=\"es_ES\" \/>\n<meta property=\"og:type\" content=\"article\" \/>\n<meta property=\"og:title\" content=\"Ferias y Congresos piden ayudas al Gobierno para paliar efecto COVID-19\" \/>\n<meta property=\"og:description\" content=\"El sector de las Ferias y Congresos es uno de los m\u00e1s afectados por la crisis COVID-19 y sus principales asociaciones piden ayudas estatales.\" \/>\n<meta property=\"og:url\" content=\"https:\/\/ipmark.com\/ferias-congresos-perdidas-millonarias-por-covid-19\/\" \/>\n<meta property=\"og:site_name\" content=\"IPMARK | Informaci\u00f3n de valor sobre marketing, publicidad, comunicaci\u00f3n y tendencias digitales\" \/>\n<meta property=\"article:published_time\" content=\"2020-04-20T11:36:28+00:00\" \/>\n<meta property=\"og:image\" content=\"https:\/\/ipmark.com\/wp-content\/uploads\/2020\/04\/Promogift.jpg\" \/>\n<meta name=\"author\" content=\"ipmark\" \/>\n<meta name=\"twitter:card\" content=\"summary_large_image\" \/>\n<meta name=\"twitter:label1\" content=\"Escrito por\" \/>\n\t<meta name=\"twitter:data1\" content=\"ipmark\" \/>\n\t<meta name=\"twitter:label2\" content=\"Tiempo de lectura\" \/>\n\t<meta name=\"twitter:data2\" content=\"4 minutos\" \/>\n<script type=\"application\/ld+json\" class=\"yoast-schema-graph\">{\"@context\":\"https:\\\/\\\/schema.org\",\"@graph\":[{\"@type\":\"Article\",\"@id\":\"https:\\\/\\\/ipmark.com\\\/ferias-congresos-perdidas-millonarias-por-covid-19\\\/#article\",\"isPartOf\":{\"@id\":\"https:\\\/\\\/ipmark.com\\\/ferias-congresos-perdidas-millonarias-por-covid-19\\\/\"},\"author\":{\"name\":\"ipmark\",\"@id\":\"https:\\\/\\\/ipmark.com\\\/#\\\/schema\\\/person\\\/27bd0ad78d511e9ab12d06f6568067e1\"},\"headline\":\"Ferias y Congresos suman su voz para solicitar ayudas ante la crisis COVID-19\",\"datePublished\":\"2020-04-20T11:36:28+00:00\",\"mainEntityOfPage\":{\"@id\":\"https:\\\/\\\/ipmark.com\\\/ferias-congresos-perdidas-millonarias-por-covid-19\\\/\"},\"wordCount\":821,\"commentCount\":0,\"image\":{\"@id\":\"https:\\\/\\\/ipmark.com\\\/ferias-congresos-perdidas-millonarias-por-covid-19\\\/#primaryimage\"},\"thumbnailUrl\":\"https:\\\/\\\/ipmark.com\\\/wp-content\\\/uploads\\\/2020\\\/04\\\/Promogift.jpg\",\"articleSection\":[\"Eventos\"],\"inLanguage\":\"es\"},{\"@type\":\"WebPage\",\"@id\":\"https:\\\/\\\/ipmark.com\\\/ferias-congresos-perdidas-millonarias-por-covid-19\\\/\",\"url\":\"https:\\\/\\\/ipmark.com\\\/ferias-congresos-perdidas-millonarias-por-covid-19\\\/\",\"name\":\"Ferias y Congresos piden ayudas al Gobierno para paliar efecto COVID-19\",\"isPartOf\":{\"@id\":\"https:\\\/\\\/ipmark.com\\\/#website\"},\"primaryImageOfPage\":{\"@id\":\"https:\\\/\\\/ipmark.com\\\/ferias-congresos-perdidas-millonarias-por-covid-19\\\/#primaryimage\"},\"image\":{\"@id\":\"https:\\\/\\\/ipmark.com\\\/ferias-congresos-perdidas-millonarias-por-covid-19\\\/#primaryimage\"},\"thumbnailUrl\":\"https:\\\/\\\/ipmark.com\\\/wp-content\\\/uploads\\\/2020\\\/04\\\/Promogift.jpg\",\"datePublished\":\"2020-04-20T11:36:28+00:00\",\"author\":{\"@id\":\"https:\\\/\\\/ipmark.com\\\/#\\\/schema\\\/person\\\/27bd0ad78d511e9ab12d06f6568067e1\"},\"description\":\"El sector de las Ferias y Congresos es uno de los m\u00e1s afectados por la crisis COVID-19 y sus principales asociaciones piden ayudas estatales.\",\"breadcrumb\":{\"@id\":\"https:\\\/\\\/ipmark.com\\\/ferias-congresos-perdidas-millonarias-por-covid-19\\\/#breadcrumb\"},\"inLanguage\":\"es\",\"potentialAction\":[{\"@type\":\"ReadAction\",\"target\":[\"https:\\\/\\\/ipmark.com\\\/ferias-congresos-perdidas-millonarias-por-covid-19\\\/\"]}]},{\"@type\":\"ImageObject\",\"inLanguage\":\"es\",\"@id\":\"https:\\\/\\\/ipmark.com\\\/ferias-congresos-perdidas-millonarias-por-covid-19\\\/#primaryimage\",\"url\":\"\",\"contentUrl\":\"\"},{\"@type\":\"BreadcrumbList\",\"@id\":\"https:\\\/\\\/ipmark.com\\\/ferias-congresos-perdidas-millonarias-por-covid-19\\\/#breadcrumb\",\"itemListElement\":[{\"@type\":\"ListItem\",\"position\":1,\"name\":\"Portada\",\"item\":\"https:\\\/\\\/ipmark.com\\\/\"},{\"@type\":\"ListItem\",\"position\":2,\"name\":\"Ferias y Congresos suman su voz para solicitar ayudas ante la crisis COVID-19\"}]},{\"@type\":\"WebSite\",\"@id\":\"https:\\\/\\\/ipmark.com\\\/#website\",\"url\":\"https:\\\/\\\/ipmark.com\\\/\",\"name\":\"IPMARK | Informaci\u00f3n de valor sobre marketing, publicidad, comunicaci\u00f3n y tendencias digitales\",\"description\":\"Creaci\u00f3n de contenidos y eventos relevantes en torno a las marcas, las agencias, servicios de marketing y medios, \u00fatiles para la toma de decisiones en el d\u00eda a d\u00eda de los profesionales del marketing\",\"potentialAction\":[{\"@type\":\"SearchAction\",\"target\":{\"@type\":\"EntryPoint\",\"urlTemplate\":\"https:\\\/\\\/ipmark.com\\\/?s={search_term_string}\"},\"query-input\":{\"@type\":\"PropertyValueSpecification\",\"valueRequired\":true,\"valueName\":\"search_term_string\"}}],\"inLanguage\":\"es\"},{\"@type\":\"Person\",\"@id\":\"https:\\\/\\\/ipmark.com\\\/#\\\/schema\\\/person\\\/27bd0ad78d511e9ab12d06f6568067e1\",\"name\":\"ipmark\",\"image\":{\"@type\":\"ImageObject\",\"inLanguage\":\"es\",\"@id\":\"https:\\\/\\\/secure.gravatar.com\\\/avatar\\\/386009538b8cc7d7f1fd9eb965ed74cc85c95ce0765d3dbe671542b85d6a9bae?s=96&d=mm&r=g\",\"url\":\"https:\\\/\\\/secure.gravatar.com\\\/avatar\\\/386009538b8cc7d7f1fd9eb965ed74cc85c95ce0765d3dbe671542b85d6a9bae?s=96&d=mm&r=g\",\"contentUrl\":\"https:\\\/\\\/secure.gravatar.com\\\/avatar\\\/386009538b8cc7d7f1fd9eb965ed74cc85c95ce0765d3dbe671542b85d6a9bae?s=96&d=mm&r=g\",\"caption\":\"ipmark\"},\"url\":\"https:\\\/\\\/ipmark.com\\\/author\\\/ipmark\\\/\"}]}<\/script>\n<!-- \/ Yoast SEO plugin. -->","yoast_head_json":{"title":"Ferias y Congresos piden ayudas al Gobierno para paliar efecto COVID-19","description":"El sector de las Ferias y Congresos es uno de los m\u00e1s afectados por la crisis COVID-19 y sus principales asociaciones piden ayudas estatales.","robots":{"index":"index","follow":"follow","max-snippet":"max-snippet:-1","max-image-preview":"max-image-preview:large","max-video-preview":"max-video-preview:-1"},"canonical":"https:\/\/ipmark.com\/ferias-congresos-perdidas-millonarias-por-covid-19\/","og_locale":"es_ES","og_type":"article","og_title":"Ferias y Congresos piden ayudas al Gobierno para paliar efecto COVID-19","og_description":"El sector de las Ferias y Congresos es uno de los m\u00e1s afectados por la crisis COVID-19 y sus principales asociaciones piden ayudas estatales.","og_url":"https:\/\/ipmark.com\/ferias-congresos-perdidas-millonarias-por-covid-19\/","og_site_name":"IPMARK | Informaci\u00f3n de valor sobre marketing, publicidad, comunicaci\u00f3n y tendencias digitales","article_published_time":"2020-04-20T11:36:28+00:00","og_image":[{"url":"https:\/\/ipmark.com\/wp-content\/uploads\/2020\/04\/Promogift.jpg","type":"","width":"","height":""}],"author":"ipmark","twitter_card":"summary_large_image","twitter_misc":{"Escrito por":"ipmark","Tiempo de lectura":"4 minutos"},"schema":{"@context":"https:\/\/schema.org","@graph":[{"@type":"Article","@id":"https:\/\/ipmark.com\/ferias-congresos-perdidas-millonarias-por-covid-19\/#article","isPartOf":{"@id":"https:\/\/ipmark.com\/ferias-congresos-perdidas-millonarias-por-covid-19\/"},"author":{"name":"ipmark","@id":"https:\/\/ipmark.com\/#\/schema\/person\/27bd0ad78d511e9ab12d06f6568067e1"},"headline":"Ferias y Congresos suman su voz para solicitar ayudas ante la crisis COVID-19","datePublished":"2020-04-20T11:36:28+00:00","mainEntityOfPage":{"@id":"https:\/\/ipmark.com\/ferias-congresos-perdidas-millonarias-por-covid-19\/"},"wordCount":821,"commentCount":0,"image":{"@id":"https:\/\/ipmark.com\/ferias-congresos-perdidas-millonarias-por-covid-19\/#primaryimage"},"thumbnailUrl":"https:\/\/ipmark.com\/wp-content\/uploads\/2020\/04\/Promogift.jpg","articleSection":["Eventos"],"inLanguage":"es"},{"@type":"WebPage","@id":"https:\/\/ipmark.com\/ferias-congresos-perdidas-millonarias-por-covid-19\/","url":"https:\/\/ipmark.com\/ferias-congresos-perdidas-millonarias-por-covid-19\/","name":"Ferias y Congresos piden ayudas al Gobierno para paliar efecto COVID-19","isPartOf":{"@id":"https:\/\/ipmark.com\/#website"},"primaryImageOfPage":{"@id":"https:\/\/ipmark.com\/ferias-congresos-perdidas-millonarias-por-covid-19\/#primaryimage"},"image":{"@id":"https:\/\/ipmark.com\/ferias-congresos-perdidas-millonarias-por-covid-19\/#primaryimage"},"thumbnailUrl":"https:\/\/ipmark.com\/wp-content\/uploads\/2020\/04\/Promogift.jpg","datePublished":"2020-04-20T11:36:28+00:00","author":{"@id":"https:\/\/ipmark.com\/#\/schema\/person\/27bd0ad78d511e9ab12d06f6568067e1"},"description":"El sector de las Ferias y Congresos es uno de los m\u00e1s afectados por la crisis COVID-19 y sus principales asociaciones piden ayudas estatales.","breadcrumb":{"@id":"https:\/\/ipmark.com\/ferias-congresos-perdidas-millonarias-por-covid-19\/#breadcrumb"},"inLanguage":"es","potentialAction":[{"@type":"ReadAction","target":["https:\/\/ipmark.com\/ferias-congresos-perdidas-millonarias-por-covid-19\/"]}]},{"@type":"ImageObject","inLanguage":"es","@id":"https:\/\/ipmark.com\/ferias-congresos-perdidas-millonarias-por-covid-19\/#primaryimage","url":"","contentUrl":""},{"@type":"BreadcrumbList","@id":"https:\/\/ipmark.com\/ferias-congresos-perdidas-millonarias-por-covid-19\/#breadcrumb","itemListElement":[{"@type":"ListItem","position":1,"name":"Portada","item":"https:\/\/ipmark.com\/"},{"@type":"ListItem","position":2,"name":"Ferias y Congresos suman su voz para solicitar ayudas ante la crisis COVID-19"}]},{"@type":"WebSite","@id":"https:\/\/ipmark.com\/#website","url":"https:\/\/ipmark.com\/","name":"IPMARK | Informaci\u00f3n de valor sobre marketing, publicidad, comunicaci\u00f3n y tendencias digitales","description":"Creaci\u00f3n de contenidos y eventos relevantes en torno a las marcas, las agencias, servicios de marketing y medios, \u00fatiles para la toma de decisiones en el d\u00eda a d\u00eda de los profesionales del marketing","potentialAction":[{"@type":"SearchAction","target":{"@type":"EntryPoint","urlTemplate":"https:\/\/ipmark.com\/?s={search_term_string}"},"query-input":{"@type":"PropertyValueSpecification","valueRequired":true,"valueName":"search_term_string"}}],"inLanguage":"es"},{"@type":"Person","@id":"https:\/\/ipmark.com\/#\/schema\/person\/27bd0ad78d511e9ab12d06f6568067e1","name":"ipmark","image":{"@type":"ImageObject","inLanguage":"es","@id":"https:\/\/secure.gravatar.com\/avatar\/386009538b8cc7d7f1fd9eb965ed74cc85c95ce0765d3dbe671542b85d6a9bae?s=96&d=mm&r=g","url":"https:\/\/secure.gravatar.com\/avatar\/386009538b8cc7d7f1fd9eb965ed74cc85c95ce0765d3dbe671542b85d6a9bae?s=96&d=mm&r=g","contentUrl":"https:\/\/secure.gravatar.com\/avatar\/386009538b8cc7d7f1fd9eb965ed74cc85c95ce0765d3dbe671542b85d6a9bae?s=96&d=mm&r=g","caption":"ipmark"},"url":"https:\/\/ipmark.com\/author\/ipmark\/"}]}},"_links":{"self":[{"href":"https:\/\/ipmark.com\/wp-json\/wp\/v2\/posts\/96093","targetHints":{"allow":["GET"]}}],"collection":[{"href":"https:\/\/ipmark.com\/wp-json\/wp\/v2\/posts"}],"about":[{"href":"https:\/\/ipmark.com\/wp-json\/wp\/v2\/types\/post"}],"author":[{"embeddable":true,"href":"https:\/\/ipmark.com\/wp-json\/wp\/v2\/users\/21"}],"replies":[{"embeddable":true,"href":"https:\/\/ipmark.com\/wp-json\/wp\/v2\/comments?post=96093"}],"version-history":[{"count":0,"href":"https:\/\/ipmark.com\/wp-json\/wp\/v2\/posts\/96093\/revisions"}],"wp:attachment":[{"href":"https:\/\/ipmark.com\/wp-json\/wp\/v2\/media?parent=96093"}],"wp:term":[{"taxonomy":"category","embeddable":true,"href":"https:\/\/ipmark.com\/wp-json\/wp\/v2\/categories?post=96093"},{"taxonomy":"post_tag","embeddable":true,"href":"https:\/\/ipmark.com\/wp-json\/wp\/v2\/tags?post=96093"}],"curies":[{"name":"wp","href":"https:\/\/api.w.org\/{rel}","templated":true}]}}