{"id":95346,"date":"2020-04-07T12:25:52","date_gmt":"2020-04-07T10:25:52","guid":{"rendered":"https:\/\/ipmark.com\/?p=95346"},"modified":"2020-04-07T12:25:52","modified_gmt":"2020-04-07T10:25:52","slug":"los-participantes-del-foro-mice","status":"publish","type":"post","link":"https:\/\/ipmark.com\/los-participantes-del-foro-mice\/","title":{"rendered":"Foro MICE conf\u00eda que el sector Eventos recobrar\u00e1 &#8216;m\u00fasculo&#8217; en septiembre"},"content":{"rendered":"<figure id=\"attachment_95349\" aria-describedby=\"caption-attachment-95349\" style=\"width: 690px\" class=\"wp-caption aligncenter\"><img decoding=\"async\" class=\"size-full wp-image-95349\" src=\"https:\/\/ipmark.com\/wp-content\/uploads\/2020\/04\/5e8c50b77963a_portada-foro-de-mice.jpg\" alt=\"La presidenta del Foro de MICE y CEO de Presencia Internacional, Matilde Almandoz, durante el primer encuentro virtual, el pasado 1 de abril.\" width=\"690\" height=\"326\"><figcaption id=\"caption-attachment-95349\" class=\"wp-caption-text\">La presidenta del Foro de MICE y CEO de Presencia Internacional, Matilde Almandoz, durante el primer encuentro virtual.<\/figcaption><\/figure>\n<p><strong>Encuestas \u2018flash\u2019 sobre el impacto econ\u00f3mico en el sector, medidas para solicitar al Gobierno y en la elaboraci\u00f3n de un documento de buenas pr\u00e1cticas, son las tres \u00e1reas que est\u00e1 trabajando el Foro MICE en estos momentos, anunciado y presentado en su primer encuentro virtual, celebrado el pasado 1 de abril. Los participantes estuvieron de acuerdo de que la industria se retomar\u00e1 en septiembre pero con actos locales y coporativos.<br \/>\n<\/strong><\/p>\n<p>Con 630 inscritos, la<strong> presidenta y CEO de Presencia Internacional,<\/strong> <strong>Matilde Almando<\/strong>z, arranc\u00f3 el evento virtual, recalcando que \u201cqueremos <strong>un sector sano, solidario y sostenible\u201d.<\/strong><\/p>\n<p>Acerca de los datos sobre el impacto econ\u00f3mico, <strong>Alessia Comis<\/strong>, presidenta de MPI Iberian Chapter y CEO de Pidelaluna Events, expuso que los actos cancelados afectan principalmente a los territorios de Madrid y Barcelona, y que el total de <strong><a href=\"https:\/\/ipmark.com\/foro-mice-anticipa-perdidas-sector-eventos\/\">p\u00e9rdidas <\/a>asciende a los 225 millones de euros<\/strong>, recogidos desde del 10 al 27 de marzo, en el periodo de febrero a junio. En concreto, <strong>se ha analizado 1.130 encuentros, <\/strong>con 390 encuestas.<\/p>\n<h2><strong><img decoding=\"async\" class=\"aligncenter size-full wp-image-95355\" src=\"https:\/\/ipmark.com\/wp-content\/uploads\/2020\/04\/Captura-de-pantalla-2020-04-01-a-las-10.20.50.png\" alt=\"Captura-de-pantalla-2020-04-01-a-las-10.20.50\" width=\"601\" height=\"339\"><\/strong><\/h2>\n<h2><strong>Acciones en marcha<\/strong><\/h2>\n<p><strong>Andr\u00e9s Virto<\/strong>, vicepresidente de AEVEA y director de Madison Experience Marketing, present\u00f3 en el webinar las primeras medidas urgentes a tomar por el sector MICE: <strong>fiscales<\/strong> (reducciones, aplazamientos y fraccionamiento de pago de manera autom\u00e1tica y sin intereses); <strong>laborales (Gobierno)<\/strong>; y <strong>financieras <\/strong>(ayudas, prestamos, financiaci\u00f3n y subvenciones). \u201cNo sabemos c\u00f3mo va a ser la situaci\u00f3n cuando nos incorporemos, aunque sabemos que ser\u00e1 muy complicada\u201d, ha declarado Virto. En esa l\u00ednea, <strong>Isabel Oliver, secretaria de Estado de Turismo del Gobierno de Espa\u00f1a<\/strong>, a\u00f1adi\u00f3 que \u201cel d\u00eda despu\u00e9s va a ser totalmente distinto al que ten\u00edamos antes. Seguramente,<strong> los clientes ser\u00e1n distintos y sus necesidades. La tecnolog\u00eda ser\u00e1 muy importante\u201d<\/strong>.<\/p>\n<p>Por su parte, <strong>Luis Gandiaga, <\/strong>secretario T\u00e9cnico de OPC Spain y director general corporativo de beon. Worldwide a\u00f1adi\u00f3 en que \u201c<strong>el sector est\u00e1 trabajando muy duro para buscar soluciones en el corto y largo plazo con nuevos formatos<\/strong>\u201d.<\/p>\n<p>Desde la Organizaci\u00f3n Mundial del Turismo (OMT) se est\u00e1 trabajando en un documento con <strong>23 recomendaciones de cara a los primeros pasos de cara a la vuelta<\/strong>, seg\u00fan expuso <strong>Natalia Bayona,<\/strong> senior experto of innovation and digital tranformation de OMT.<\/p>\n<h2><strong>\u201cNo canceles, aplaza\u201d<\/strong><\/h2>\n<p>En el bloque de las &#8216;Buenas pr\u00e1cticas&#8217; han participado <strong>Alicia Collantes,<\/strong> representante de la Asociaci\u00f3n de Empresas de Medios Audiovisuales<strong>; Jes\u00fas Baranda<\/strong>, presidente de la Asociaci\u00f3n Empresarial de Catering; <strong>Blanca P\u00e9rez del Camino,<\/strong> vocal de Venues en Madrid Convention Bureau; <strong>y B\u00e1rbara G\u00f3mez Molino<\/strong>, secretaria General ADEPE (Asociaci\u00f3n de Espacios para Eventos de Espa\u00f1a). G\u00f3mez Molino propuso poner en marcha un plan de comunicaci\u00f3n eficaz, crear un comit\u00e9 para la sostenibilidad y dar voz a iniciativas del sector, mientras que Blanca P\u00e9rez del Camino quiso transmitir el lema \u201c<strong>no canceles, aplaza<\/strong>\u201d. Por su parte, <strong>Germ\u00e1n Inostroza<\/strong>, presidente de SITE Spain, habl\u00f3 de la necesaria solidaridad de todos en esta industria.<\/p>\n<h2><strong>Reuniones locales y corporativas<\/strong><\/h2>\n<p>El evento cerr\u00f3 con la opini\u00f3n de los participantes a trav\u00e9s de una encuesta virtual en la que la mayor\u00eda opin\u00f3 <strong>que los actos presenciales volver\u00e1n en septiembre<\/strong>, siendo los primeros de ellos<strong> locales (corporativos), y entorno a las \u00e1reas de administraciones p\u00fablicas, congresos de m\u00e9dicos y automoci\u00f3n.<\/strong><\/p>\n<p>Pr\u00f3ximamente se anunciar\u00e1 la fecha del segundo encuentro virtual, seg\u00fan detall\u00f3 la presidenta del Foro MICE.<\/p>\n<p><iframe title=\"Webinar Foro MICE: queremos un sector sano, solidario y sostenible\" width=\"800\" height=\"450\" src=\"https:\/\/www.youtube.com\/embed\/zyTx_hVIxxw?feature=oembed\" frameborder=\"0\" allow=\"accelerometer; autoplay; clipboard-write; encrypted-media; gyroscope; picture-in-picture\" allowfullscreen><\/iframe><\/p>\n<p>&nbsp;<\/p>\n","protected":false},"excerpt":{"rendered":"<p>Encuestas \u2018flash\u2019 sobre el impacto econ\u00f3mico en el sector, medidas para solicitar al Gobierno y en la elaboraci\u00f3n de un<\/p>\n","protected":false},"author":21,"featured_media":0,"comment_status":"open","ping_status":"closed","sticky":false,"template":"","format":"standard","meta":{"_acf_changed":false,"footnotes":""},"categories":[54],"tags":[],"class_list":["post-95346","post","type-post","status-publish","format-standard","hentry","category-eventos"],"acf":[],"yoast_head":"<!-- This site is optimized with the Yoast SEO plugin v28.4 - https:\/\/yoast.com\/product\/yoast-seo-wordpress\/ -->\n<title>Los participantes del Foro MICE conf\u00edan que el sector volver\u00e1 en septiembre<\/title>\n<meta name=\"description\" content=\"Los participantes del I evento virtual Foro MICE conf\u00edan que el sector volver\u00e1 en septiembre, celebrado el pasado 1 de abril.\" \/>\n<meta name=\"robots\" content=\"index, follow, max-snippet:-1, max-image-preview:large, max-video-preview:-1\" \/>\n<link rel=\"canonical\" href=\"https:\/\/ipmark.com\/los-participantes-del-foro-mice\/\" \/>\n<meta property=\"og:locale\" content=\"es_ES\" \/>\n<meta property=\"og:type\" content=\"article\" \/>\n<meta property=\"og:title\" content=\"Los participantes del Foro MICE conf\u00edan que el sector volver\u00e1 en septiembre\" \/>\n<meta property=\"og:description\" content=\"Los participantes del I evento virtual Foro MICE conf\u00edan que el sector volver\u00e1 en septiembre, celebrado el pasado 1 de abril.\" \/>\n<meta property=\"og:url\" content=\"https:\/\/ipmark.com\/los-participantes-del-foro-mice\/\" \/>\n<meta property=\"og:site_name\" content=\"IPMARK | Informaci\u00f3n de valor sobre marketing, publicidad, comunicaci\u00f3n y tendencias digitales\" \/>\n<meta property=\"article:published_time\" content=\"2020-04-07T10:25:52+00:00\" \/>\n<meta property=\"og:image\" content=\"https:\/\/ipmark.com\/wp-content\/uploads\/2020\/04\/5e8c50b77963a_portada-foro-de-mice.jpg\" \/>\n<meta name=\"author\" content=\"ipmark\" \/>\n<meta name=\"twitter:card\" content=\"summary_large_image\" \/>\n<meta name=\"twitter:label1\" content=\"Escrito por\" \/>\n\t<meta name=\"twitter:data1\" content=\"ipmark\" \/>\n\t<meta name=\"twitter:label2\" content=\"Tiempo de lectura\" \/>\n\t<meta name=\"twitter:data2\" content=\"3 minutos\" \/>\n<script type=\"application\/ld+json\" class=\"yoast-schema-graph\">{\"@context\":\"https:\\\/\\\/schema.org\",\"@graph\":[{\"@type\":\"Article\",\"@id\":\"https:\\\/\\\/ipmark.com\\\/los-participantes-del-foro-mice\\\/#article\",\"isPartOf\":{\"@id\":\"https:\\\/\\\/ipmark.com\\\/los-participantes-del-foro-mice\\\/\"},\"author\":{\"name\":\"ipmark\",\"@id\":\"https:\\\/\\\/ipmark.com\\\/#\\\/schema\\\/person\\\/27bd0ad78d511e9ab12d06f6568067e1\"},\"headline\":\"Foro MICE conf\u00eda que el sector Eventos recobrar\u00e1 &#8216;m\u00fasculo&#8217; en septiembre\",\"datePublished\":\"2020-04-07T10:25:52+00:00\",\"mainEntityOfPage\":{\"@id\":\"https:\\\/\\\/ipmark.com\\\/los-participantes-del-foro-mice\\\/\"},\"wordCount\":624,\"commentCount\":0,\"image\":{\"@id\":\"https:\\\/\\\/ipmark.com\\\/los-participantes-del-foro-mice\\\/#primaryimage\"},\"thumbnailUrl\":\"https:\\\/\\\/ipmark.com\\\/wp-content\\\/uploads\\\/2020\\\/04\\\/5e8c50b77963a_portada-foro-de-mice.jpg\",\"articleSection\":[\"Eventos\"],\"inLanguage\":\"es\"},{\"@type\":\"WebPage\",\"@id\":\"https:\\\/\\\/ipmark.com\\\/los-participantes-del-foro-mice\\\/\",\"url\":\"https:\\\/\\\/ipmark.com\\\/los-participantes-del-foro-mice\\\/\",\"name\":\"Los participantes del Foro MICE conf\u00edan que el sector volver\u00e1 en septiembre\",\"isPartOf\":{\"@id\":\"https:\\\/\\\/ipmark.com\\\/#website\"},\"primaryImageOfPage\":{\"@id\":\"https:\\\/\\\/ipmark.com\\\/los-participantes-del-foro-mice\\\/#primaryimage\"},\"image\":{\"@id\":\"https:\\\/\\\/ipmark.com\\\/los-participantes-del-foro-mice\\\/#primaryimage\"},\"thumbnailUrl\":\"https:\\\/\\\/ipmark.com\\\/wp-content\\\/uploads\\\/2020\\\/04\\\/5e8c50b77963a_portada-foro-de-mice.jpg\",\"datePublished\":\"2020-04-07T10:25:52+00:00\",\"author\":{\"@id\":\"https:\\\/\\\/ipmark.com\\\/#\\\/schema\\\/person\\\/27bd0ad78d511e9ab12d06f6568067e1\"},\"description\":\"Los participantes del I evento virtual Foro MICE conf\u00edan que el sector volver\u00e1 en septiembre, celebrado el pasado 1 de abril.\",\"breadcrumb\":{\"@id\":\"https:\\\/\\\/ipmark.com\\\/los-participantes-del-foro-mice\\\/#breadcrumb\"},\"inLanguage\":\"es\",\"potentialAction\":[{\"@type\":\"ReadAction\",\"target\":[\"https:\\\/\\\/ipmark.com\\\/los-participantes-del-foro-mice\\\/\"]}]},{\"@type\":\"ImageObject\",\"inLanguage\":\"es\",\"@id\":\"https:\\\/\\\/ipmark.com\\\/los-participantes-del-foro-mice\\\/#primaryimage\",\"url\":\"\",\"contentUrl\":\"\"},{\"@type\":\"BreadcrumbList\",\"@id\":\"https:\\\/\\\/ipmark.com\\\/los-participantes-del-foro-mice\\\/#breadcrumb\",\"itemListElement\":[{\"@type\":\"ListItem\",\"position\":1,\"name\":\"Portada\",\"item\":\"https:\\\/\\\/ipmark.com\\\/\"},{\"@type\":\"ListItem\",\"position\":2,\"name\":\"Foro MICE conf\u00eda que el sector Eventos recobrar\u00e1 &#8216;m\u00fasculo&#8217; en septiembre\"}]},{\"@type\":\"WebSite\",\"@id\":\"https:\\\/\\\/ipmark.com\\\/#website\",\"url\":\"https:\\\/\\\/ipmark.com\\\/\",\"name\":\"IPMARK | Informaci\u00f3n de valor sobre marketing, publicidad, comunicaci\u00f3n y tendencias digitales\",\"description\":\"Creaci\u00f3n de contenidos y eventos relevantes en torno a las marcas, las agencias, servicios de marketing y medios, \u00fatiles para la toma de decisiones en el d\u00eda a d\u00eda de los profesionales del marketing\",\"potentialAction\":[{\"@type\":\"SearchAction\",\"target\":{\"@type\":\"EntryPoint\",\"urlTemplate\":\"https:\\\/\\\/ipmark.com\\\/?s={search_term_string}\"},\"query-input\":{\"@type\":\"PropertyValueSpecification\",\"valueRequired\":true,\"valueName\":\"search_term_string\"}}],\"inLanguage\":\"es\"},{\"@type\":\"Person\",\"@id\":\"https:\\\/\\\/ipmark.com\\\/#\\\/schema\\\/person\\\/27bd0ad78d511e9ab12d06f6568067e1\",\"name\":\"ipmark\",\"image\":{\"@type\":\"ImageObject\",\"inLanguage\":\"es\",\"@id\":\"https:\\\/\\\/secure.gravatar.com\\\/avatar\\\/386009538b8cc7d7f1fd9eb965ed74cc85c95ce0765d3dbe671542b85d6a9bae?s=96&d=mm&r=g\",\"url\":\"https:\\\/\\\/secure.gravatar.com\\\/avatar\\\/386009538b8cc7d7f1fd9eb965ed74cc85c95ce0765d3dbe671542b85d6a9bae?s=96&d=mm&r=g\",\"contentUrl\":\"https:\\\/\\\/secure.gravatar.com\\\/avatar\\\/386009538b8cc7d7f1fd9eb965ed74cc85c95ce0765d3dbe671542b85d6a9bae?s=96&d=mm&r=g\",\"caption\":\"ipmark\"},\"url\":\"https:\\\/\\\/ipmark.com\\\/author\\\/ipmark\\\/\"}]}<\/script>\n<!-- \/ Yoast SEO plugin. -->","yoast_head_json":{"title":"Los participantes del Foro MICE conf\u00edan que el sector volver\u00e1 en septiembre","description":"Los participantes del I evento virtual Foro MICE conf\u00edan que el sector volver\u00e1 en septiembre, celebrado el pasado 1 de abril.","robots":{"index":"index","follow":"follow","max-snippet":"max-snippet:-1","max-image-preview":"max-image-preview:large","max-video-preview":"max-video-preview:-1"},"canonical":"https:\/\/ipmark.com\/los-participantes-del-foro-mice\/","og_locale":"es_ES","og_type":"article","og_title":"Los participantes del Foro MICE conf\u00edan que el sector volver\u00e1 en septiembre","og_description":"Los participantes del I evento virtual Foro MICE conf\u00edan que el sector volver\u00e1 en septiembre, celebrado el pasado 1 de abril.","og_url":"https:\/\/ipmark.com\/los-participantes-del-foro-mice\/","og_site_name":"IPMARK | Informaci\u00f3n de valor sobre marketing, publicidad, comunicaci\u00f3n y tendencias digitales","article_published_time":"2020-04-07T10:25:52+00:00","og_image":[{"url":"https:\/\/ipmark.com\/wp-content\/uploads\/2020\/04\/5e8c50b77963a_portada-foro-de-mice.jpg","type":"","width":"","height":""}],"author":"ipmark","twitter_card":"summary_large_image","twitter_misc":{"Escrito por":"ipmark","Tiempo de lectura":"3 minutos"},"schema":{"@context":"https:\/\/schema.org","@graph":[{"@type":"Article","@id":"https:\/\/ipmark.com\/los-participantes-del-foro-mice\/#article","isPartOf":{"@id":"https:\/\/ipmark.com\/los-participantes-del-foro-mice\/"},"author":{"name":"ipmark","@id":"https:\/\/ipmark.com\/#\/schema\/person\/27bd0ad78d511e9ab12d06f6568067e1"},"headline":"Foro MICE conf\u00eda que el sector Eventos recobrar\u00e1 &#8216;m\u00fasculo&#8217; en septiembre","datePublished":"2020-04-07T10:25:52+00:00","mainEntityOfPage":{"@id":"https:\/\/ipmark.com\/los-participantes-del-foro-mice\/"},"wordCount":624,"commentCount":0,"image":{"@id":"https:\/\/ipmark.com\/los-participantes-del-foro-mice\/#primaryimage"},"thumbnailUrl":"https:\/\/ipmark.com\/wp-content\/uploads\/2020\/04\/5e8c50b77963a_portada-foro-de-mice.jpg","articleSection":["Eventos"],"inLanguage":"es"},{"@type":"WebPage","@id":"https:\/\/ipmark.com\/los-participantes-del-foro-mice\/","url":"https:\/\/ipmark.com\/los-participantes-del-foro-mice\/","name":"Los participantes del Foro MICE conf\u00edan que el sector volver\u00e1 en septiembre","isPartOf":{"@id":"https:\/\/ipmark.com\/#website"},"primaryImageOfPage":{"@id":"https:\/\/ipmark.com\/los-participantes-del-foro-mice\/#primaryimage"},"image":{"@id":"https:\/\/ipmark.com\/los-participantes-del-foro-mice\/#primaryimage"},"thumbnailUrl":"https:\/\/ipmark.com\/wp-content\/uploads\/2020\/04\/5e8c50b77963a_portada-foro-de-mice.jpg","datePublished":"2020-04-07T10:25:52+00:00","author":{"@id":"https:\/\/ipmark.com\/#\/schema\/person\/27bd0ad78d511e9ab12d06f6568067e1"},"description":"Los participantes del I evento virtual Foro MICE conf\u00edan que el sector volver\u00e1 en septiembre, celebrado el pasado 1 de abril.","breadcrumb":{"@id":"https:\/\/ipmark.com\/los-participantes-del-foro-mice\/#breadcrumb"},"inLanguage":"es","potentialAction":[{"@type":"ReadAction","target":["https:\/\/ipmark.com\/los-participantes-del-foro-mice\/"]}]},{"@type":"ImageObject","inLanguage":"es","@id":"https:\/\/ipmark.com\/los-participantes-del-foro-mice\/#primaryimage","url":"","contentUrl":""},{"@type":"BreadcrumbList","@id":"https:\/\/ipmark.com\/los-participantes-del-foro-mice\/#breadcrumb","itemListElement":[{"@type":"ListItem","position":1,"name":"Portada","item":"https:\/\/ipmark.com\/"},{"@type":"ListItem","position":2,"name":"Foro MICE conf\u00eda que el sector Eventos recobrar\u00e1 &#8216;m\u00fasculo&#8217; en septiembre"}]},{"@type":"WebSite","@id":"https:\/\/ipmark.com\/#website","url":"https:\/\/ipmark.com\/","name":"IPMARK | Informaci\u00f3n de valor sobre marketing, publicidad, comunicaci\u00f3n y tendencias digitales","description":"Creaci\u00f3n de contenidos y eventos relevantes en torno a las marcas, las agencias, servicios de marketing y medios, \u00fatiles para la toma de decisiones en el d\u00eda a d\u00eda de los profesionales del marketing","potentialAction":[{"@type":"SearchAction","target":{"@type":"EntryPoint","urlTemplate":"https:\/\/ipmark.com\/?s={search_term_string}"},"query-input":{"@type":"PropertyValueSpecification","valueRequired":true,"valueName":"search_term_string"}}],"inLanguage":"es"},{"@type":"Person","@id":"https:\/\/ipmark.com\/#\/schema\/person\/27bd0ad78d511e9ab12d06f6568067e1","name":"ipmark","image":{"@type":"ImageObject","inLanguage":"es","@id":"https:\/\/secure.gravatar.com\/avatar\/386009538b8cc7d7f1fd9eb965ed74cc85c95ce0765d3dbe671542b85d6a9bae?s=96&d=mm&r=g","url":"https:\/\/secure.gravatar.com\/avatar\/386009538b8cc7d7f1fd9eb965ed74cc85c95ce0765d3dbe671542b85d6a9bae?s=96&d=mm&r=g","contentUrl":"https:\/\/secure.gravatar.com\/avatar\/386009538b8cc7d7f1fd9eb965ed74cc85c95ce0765d3dbe671542b85d6a9bae?s=96&d=mm&r=g","caption":"ipmark"},"url":"https:\/\/ipmark.com\/author\/ipmark\/"}]}},"_links":{"self":[{"href":"https:\/\/ipmark.com\/wp-json\/wp\/v2\/posts\/95346","targetHints":{"allow":["GET"]}}],"collection":[{"href":"https:\/\/ipmark.com\/wp-json\/wp\/v2\/posts"}],"about":[{"href":"https:\/\/ipmark.com\/wp-json\/wp\/v2\/types\/post"}],"author":[{"embeddable":true,"href":"https:\/\/ipmark.com\/wp-json\/wp\/v2\/users\/21"}],"replies":[{"embeddable":true,"href":"https:\/\/ipmark.com\/wp-json\/wp\/v2\/comments?post=95346"}],"version-history":[{"count":0,"href":"https:\/\/ipmark.com\/wp-json\/wp\/v2\/posts\/95346\/revisions"}],"wp:attachment":[{"href":"https:\/\/ipmark.com\/wp-json\/wp\/v2\/media?parent=95346"}],"wp:term":[{"taxonomy":"category","embeddable":true,"href":"https:\/\/ipmark.com\/wp-json\/wp\/v2\/categories?post=95346"},{"taxonomy":"post_tag","embeddable":true,"href":"https:\/\/ipmark.com\/wp-json\/wp\/v2\/tags?post=95346"}],"curies":[{"name":"wp","href":"https:\/\/api.w.org\/{rel}","templated":true}]}}