{"id":246395,"date":"2026-09-01T15:02:58","date_gmt":"2026-09-01T13:02:58","guid":{"rendered":"https:\/\/ipmark.com\/?p=246395"},"modified":"2026-09-01T15:58:19","modified_gmt":"2026-09-01T13:58:19","slug":"stellantis-iberia-refuerza-estructura-espana-portugal","status":"publish","type":"post","link":"https:\/\/ipmark.com\/?p=246395","title":{"rendered":"Stellantis refuerza su estructura en Espa\u00f1a y Portugal con dos nuevos nombramientos"},"content":{"rendered":"<p class=\"isSelectedEnd\"><strong>Stellantis Iberia anuncia dos nuevos nombramientos en su estructura para Espa\u00f1a y Portugal, efectivos desde este 1 de septiembre de 2026, bajo la responsabilidad de Zineb Ghout, <em>managing director<\/em> de Stellantis Iberia.<\/strong><\/p>\n<p class=\"isSelectedEnd\"><a href=\"https:\/\/www.linkedin.com\/in\/carmen-ballinas-a38262b3\/\"><strong>Mar\u00eda del Carmen Ballinas<\/strong><\/a> ha sido nombrada <strong>directora de Customer Experience para Espa\u00f1a y Portugal<\/strong>, mientras que <strong>Jos\u00e9 Enrique Gaspar<\/strong> asume el cargo de <strong>director de Pre-Owned para ambos mercados<\/strong>.<\/p>\n<p class=\"isSelectedEnd\">Ballinas es ingeniera industrial en Producci\u00f3n por la ESIEE de Par\u00eds e ingeniera industrial por la Universidad Pontificia de Comillas (ICADE). <strong>Se incorpor\u00f3 a Groupe PSA en 2001 y ha desarrollado su trayectoria profesional en \u00e1reas relacionadas con la atenci\u00f3n al cliente<\/strong>, la asistencia t\u00e9cnica y la gesti\u00f3n de garant\u00edas y contratos de servicio.<\/p>\n<p class=\"isSelectedEnd\">Entre 2018 y 2022 <strong>fue responsable de Lean y Sinergias<\/strong> y, posteriormente, <strong>asumi\u00f3 la responsabilidad de experiencia de cliente de Stellantis en Espa\u00f1a entre 2022 y 2025.<\/strong> Desde febrero de 2025 ejerc\u00eda como responsable de experiencia cliente venta y posventa en Europa.<\/p>\n<p class=\"isSelectedEnd\">Por su parte, <a href=\"https:\/\/www.linkedin.com\/in\/gasparbonilla\/\"><strong>Jos\u00e9 Enrique Gaspar<\/strong> <\/a>es diplomado en Administraci\u00f3n y Direcci\u00f3n de Empresas y Marketing por ESIC, cuenta con un m\u00e1ster en Direcci\u00f3n Financiera y Control de Gesti\u00f3n por el Centro de Estudios Financieros (CEF) y un m\u00e1ster en Marketing Digital por la Universitat Pompeu Fabra.<\/p>\n<p>Gaspar inici\u00f3 su trayectoria en el sector de la automoci\u00f3n en <strong>Kia Motors Iberia<\/strong>, donde trabaj\u00f3 entre 2009 y 2011. Tras pasar por Vodafone en Espa\u00f1a e Inditex en Arabia Saud\u00ed, se incorpor\u00f3 al Grupo Volkswagen en Espa\u00f1a en 2016. Despu\u00e9s de ejercer como jefe de zona de<strong> Skoda Espa\u00f1a<\/strong>, desde octubre de 2018 desempe\u00f1aba el cargo de<em> senior manager<\/em> de <strong>Rent a Car, Veh\u00edculos de Ocasi\u00f3n y Valor Residual en Audi Espa\u00f1a.<\/strong><\/p>\n","protected":false},"excerpt":{"rendered":"<p>Mar\u00eda del Carmen Ballinas es la nueva directora de customer experience, mientras que Jos\u00e9 Enrique Gaspar asume el cargo de director de pre-owned para ambos mercados.<\/p>\n","protected":false},"author":10966,"featured_media":246396,"comment_status":"closed","ping_status":"closed","sticky":false,"template":"","format":"standard","meta":{"_acf_changed":false,"footnotes":""},"categories":[38],"tags":[6526],"class_list":["post-246395","post","type-post","status-publish","format-standard","has-post-thumbnail","hentry","category-marcas","tag-nombramientos"],"acf":[],"yoast_head":"<!-- This site is optimized with the Yoast SEO plugin v28.3 - https:\/\/yoast.com\/product\/yoast-seo-wordpress\/ -->\n<title>Stellantis refuerza su estructura en Espa\u00f1a y Portugal<\/title>\n<meta name=\"description\" content=\"Mar\u00eda del Carmen Ballinas es la nueva directora de customer experience, mientras que Jos\u00e9 Enrique Gaspar asume el cargo de director de pre-owned para ambos mercados.\" \/>\n<meta name=\"robots\" content=\"index, follow, max-snippet:-1, max-image-preview:large, max-video-preview:-1\" \/>\n<link rel=\"canonical\" href=\"https:\/\/ipmark.com\/?p=246395\" \/>\n<meta property=\"og:locale\" content=\"es_ES\" \/>\n<meta property=\"og:type\" content=\"article\" \/>\n<meta property=\"og:title\" content=\"Stellantis refuerza su estructura en Espa\u00f1a y Portugal\" \/>\n<meta property=\"og:description\" content=\"Mar\u00eda del Carmen Ballinas es la nueva directora de customer experience, mientras que Jos\u00e9 Enrique Gaspar asume el cargo de director de pre-owned para ambos mercados.\" \/>\n<meta property=\"og:url\" content=\"https:\/\/ipmark.com\/?p=246395\" \/>\n<meta property=\"og:site_name\" content=\"IPMARK | Informaci\u00f3n de valor sobre marketing, publicidad, comunicaci\u00f3n y tendencias digitales\" \/>\n<meta property=\"article:published_time\" content=\"2026-09-01T13:02:58+00:00\" \/>\n<meta property=\"article:modified_time\" content=\"2026-09-01T13:58:19+00:00\" \/>\n<meta property=\"og:image\" content=\"https:\/\/ipmark.com\/wp-content\/uploads\/stellantis-nombramientos-estructura.jpg\" \/>\n\t<meta property=\"og:image:width\" content=\"1140\" \/>\n\t<meta property=\"og:image:height\" content=\"635\" \/>\n\t<meta property=\"og:image:type\" content=\"image\/jpeg\" \/>\n<meta name=\"author\" content=\"Patricia Fern\u00e1ndez\" \/>\n<meta name=\"twitter:card\" content=\"summary_large_image\" \/>\n<meta name=\"twitter:label1\" content=\"Escrito por\" \/>\n\t<meta name=\"twitter:data1\" content=\"Patricia Fern\u00e1ndez\" \/>\n\t<meta name=\"twitter:label2\" content=\"Tiempo de lectura\" \/>\n\t<meta name=\"twitter:data2\" content=\"2 minutos\" \/>\n<script type=\"application\/ld+json\" class=\"yoast-schema-graph\">{\"@context\":\"https:\\\/\\\/schema.org\",\"@graph\":[{\"@type\":\"Article\",\"@id\":\"https:\\\/\\\/ipmark.com\\\/?p=246395#article\",\"isPartOf\":{\"@id\":\"https:\\\/\\\/ipmark.com\\\/?p=246395\"},\"author\":{\"name\":\"Patricia Fern\u00e1ndez\",\"@id\":\"https:\\\/\\\/ipmark.com\\\/#\\\/schema\\\/person\\\/ec8788ab6d1c2cb2791461de5417a21f\"},\"headline\":\"Stellantis refuerza su estructura en Espa\u00f1a y Portugal con dos nuevos nombramientos\",\"datePublished\":\"2026-09-01T13:02:58+00:00\",\"dateModified\":\"2026-09-01T13:58:19+00:00\",\"mainEntityOfPage\":{\"@id\":\"https:\\\/\\\/ipmark.com\\\/?p=246395\"},\"wordCount\":305,\"image\":{\"@id\":\"https:\\\/\\\/ipmark.com\\\/?p=246395#primaryimage\"},\"thumbnailUrl\":\"https:\\\/\\\/ipmark.com\\\/wp-content\\\/uploads\\\/stellantis-nombramientos-estructura.jpg\",\"keywords\":[\"nombramientos\"],\"articleSection\":[\"Marcas\"],\"inLanguage\":\"es\"},{\"@type\":\"WebPage\",\"@id\":\"https:\\\/\\\/ipmark.com\\\/?p=246395\",\"url\":\"https:\\\/\\\/ipmark.com\\\/?p=246395\",\"name\":\"Stellantis refuerza su estructura en Espa\u00f1a y Portugal\",\"isPartOf\":{\"@id\":\"https:\\\/\\\/ipmark.com\\\/#website\"},\"primaryImageOfPage\":{\"@id\":\"https:\\\/\\\/ipmark.com\\\/?p=246395#primaryimage\"},\"image\":{\"@id\":\"https:\\\/\\\/ipmark.com\\\/?p=246395#primaryimage\"},\"thumbnailUrl\":\"https:\\\/\\\/ipmark.com\\\/wp-content\\\/uploads\\\/stellantis-nombramientos-estructura.jpg\",\"datePublished\":\"2026-09-01T13:02:58+00:00\",\"dateModified\":\"2026-09-01T13:58:19+00:00\",\"author\":{\"@id\":\"https:\\\/\\\/ipmark.com\\\/#\\\/schema\\\/person\\\/ec8788ab6d1c2cb2791461de5417a21f\"},\"description\":\"Mar\u00eda del Carmen Ballinas es la nueva directora de customer experience, mientras que Jos\u00e9 Enrique Gaspar asume el cargo de director de pre-owned para ambos mercados.\",\"breadcrumb\":{\"@id\":\"https:\\\/\\\/ipmark.com\\\/?p=246395#breadcrumb\"},\"inLanguage\":\"es\",\"potentialAction\":[{\"@type\":\"ReadAction\",\"target\":[\"https:\\\/\\\/ipmark.com\\\/?p=246395\"]}]},{\"@type\":\"ImageObject\",\"inLanguage\":\"es\",\"@id\":\"https:\\\/\\\/ipmark.com\\\/?p=246395#primaryimage\",\"url\":\"https:\\\/\\\/ipmark.com\\\/wp-content\\\/uploads\\\/stellantis-nombramientos-estructura.jpg\",\"contentUrl\":\"https:\\\/\\\/ipmark.com\\\/wp-content\\\/uploads\\\/stellantis-nombramientos-estructura.jpg\",\"width\":1140,\"height\":635,\"caption\":\"Los nuevos nombramientos son efectivos desde el 1 de septiembre de este a\u00f1o.\"},{\"@type\":\"BreadcrumbList\",\"@id\":\"https:\\\/\\\/ipmark.com\\\/?p=246395#breadcrumb\",\"itemListElement\":[{\"@type\":\"ListItem\",\"position\":1,\"name\":\"Portada\",\"item\":\"https:\\\/\\\/ipmark.com\\\/\"},{\"@type\":\"ListItem\",\"position\":2,\"name\":\"Stellantis refuerza su estructura en Espa\u00f1a y Portugal con dos nuevos nombramientos\"}]},{\"@type\":\"WebSite\",\"@id\":\"https:\\\/\\\/ipmark.com\\\/#website\",\"url\":\"https:\\\/\\\/ipmark.com\\\/\",\"name\":\"IPMARK | Informaci\u00f3n de valor sobre marketing, publicidad, comunicaci\u00f3n y tendencias digitales\",\"description\":\"Creaci\u00f3n de contenidos y eventos relevantes en torno a las marcas, las agencias, servicios de marketing y medios, \u00fatiles para la toma de decisiones en el d\u00eda a d\u00eda de los profesionales del marketing\",\"potentialAction\":[{\"@type\":\"SearchAction\",\"target\":{\"@type\":\"EntryPoint\",\"urlTemplate\":\"https:\\\/\\\/ipmark.com\\\/?s={search_term_string}\"},\"query-input\":{\"@type\":\"PropertyValueSpecification\",\"valueRequired\":true,\"valueName\":\"search_term_string\"}}],\"inLanguage\":\"es\"},{\"@type\":\"Person\",\"@id\":\"https:\\\/\\\/ipmark.com\\\/#\\\/schema\\\/person\\\/ec8788ab6d1c2cb2791461de5417a21f\",\"name\":\"Patricia Fern\u00e1ndez\",\"image\":{\"@type\":\"ImageObject\",\"inLanguage\":\"es\",\"@id\":\"https:\\\/\\\/secure.gravatar.com\\\/avatar\\\/3b77284403c65a1efabda3a8d22258cf283668547fee0ec82ae2a2a18b8ffded?s=96&d=mm&r=g\",\"url\":\"https:\\\/\\\/secure.gravatar.com\\\/avatar\\\/3b77284403c65a1efabda3a8d22258cf283668547fee0ec82ae2a2a18b8ffded?s=96&d=mm&r=g\",\"contentUrl\":\"https:\\\/\\\/secure.gravatar.com\\\/avatar\\\/3b77284403c65a1efabda3a8d22258cf283668547fee0ec82ae2a2a18b8ffded?s=96&d=mm&r=g\",\"caption\":\"Patricia Fern\u00e1ndez\"},\"url\":\"https:\\\/\\\/ipmark.com\\\/?author=10966\"}]}<\/script>\n<!-- \/ Yoast SEO plugin. -->","yoast_head_json":{"title":"Stellantis refuerza su estructura en Espa\u00f1a y Portugal","description":"Mar\u00eda del Carmen Ballinas es la nueva directora de customer experience, mientras que Jos\u00e9 Enrique Gaspar asume el cargo de director de pre-owned para ambos mercados.","robots":{"index":"index","follow":"follow","max-snippet":"max-snippet:-1","max-image-preview":"max-image-preview:large","max-video-preview":"max-video-preview:-1"},"canonical":"https:\/\/ipmark.com\/?p=246395","og_locale":"es_ES","og_type":"article","og_title":"Stellantis refuerza su estructura en Espa\u00f1a y Portugal","og_description":"Mar\u00eda del Carmen Ballinas es la nueva directora de customer experience, mientras que Jos\u00e9 Enrique Gaspar asume el cargo de director de pre-owned para ambos mercados.","og_url":"https:\/\/ipmark.com\/?p=246395","og_site_name":"IPMARK | Informaci\u00f3n de valor sobre marketing, publicidad, comunicaci\u00f3n y tendencias digitales","article_published_time":"2026-09-01T13:02:58+00:00","article_modified_time":"2026-09-01T13:58:19+00:00","og_image":[{"width":1140,"height":635,"url":"https:\/\/ipmark.com\/wp-content\/uploads\/stellantis-nombramientos-estructura.jpg","type":"image\/jpeg"}],"author":"Patricia Fern\u00e1ndez","twitter_card":"summary_large_image","twitter_misc":{"Escrito por":"Patricia Fern\u00e1ndez","Tiempo de lectura":"2 minutos"},"schema":{"@context":"https:\/\/schema.org","@graph":[{"@type":"Article","@id":"https:\/\/ipmark.com\/?p=246395#article","isPartOf":{"@id":"https:\/\/ipmark.com\/?p=246395"},"author":{"name":"Patricia Fern\u00e1ndez","@id":"https:\/\/ipmark.com\/#\/schema\/person\/ec8788ab6d1c2cb2791461de5417a21f"},"headline":"Stellantis refuerza su estructura en Espa\u00f1a y Portugal con dos nuevos nombramientos","datePublished":"2026-09-01T13:02:58+00:00","dateModified":"2026-09-01T13:58:19+00:00","mainEntityOfPage":{"@id":"https:\/\/ipmark.com\/?p=246395"},"wordCount":305,"image":{"@id":"https:\/\/ipmark.com\/?p=246395#primaryimage"},"thumbnailUrl":"https:\/\/ipmark.com\/wp-content\/uploads\/stellantis-nombramientos-estructura.jpg","keywords":["nombramientos"],"articleSection":["Marcas"],"inLanguage":"es"},{"@type":"WebPage","@id":"https:\/\/ipmark.com\/?p=246395","url":"https:\/\/ipmark.com\/?p=246395","name":"Stellantis refuerza su estructura en Espa\u00f1a y Portugal","isPartOf":{"@id":"https:\/\/ipmark.com\/#website"},"primaryImageOfPage":{"@id":"https:\/\/ipmark.com\/?p=246395#primaryimage"},"image":{"@id":"https:\/\/ipmark.com\/?p=246395#primaryimage"},"thumbnailUrl":"https:\/\/ipmark.com\/wp-content\/uploads\/stellantis-nombramientos-estructura.jpg","datePublished":"2026-09-01T13:02:58+00:00","dateModified":"2026-09-01T13:58:19+00:00","author":{"@id":"https:\/\/ipmark.com\/#\/schema\/person\/ec8788ab6d1c2cb2791461de5417a21f"},"description":"Mar\u00eda del Carmen Ballinas es la nueva directora de customer experience, mientras que Jos\u00e9 Enrique Gaspar asume el cargo de director de pre-owned para ambos mercados.","breadcrumb":{"@id":"https:\/\/ipmark.com\/?p=246395#breadcrumb"},"inLanguage":"es","potentialAction":[{"@type":"ReadAction","target":["https:\/\/ipmark.com\/?p=246395"]}]},{"@type":"ImageObject","inLanguage":"es","@id":"https:\/\/ipmark.com\/?p=246395#primaryimage","url":"https:\/\/ipmark.com\/wp-content\/uploads\/stellantis-nombramientos-estructura.jpg","contentUrl":"https:\/\/ipmark.com\/wp-content\/uploads\/stellantis-nombramientos-estructura.jpg","width":1140,"height":635,"caption":"Los nuevos nombramientos son efectivos desde el 1 de septiembre de este a\u00f1o."},{"@type":"BreadcrumbList","@id":"https:\/\/ipmark.com\/?p=246395#breadcrumb","itemListElement":[{"@type":"ListItem","position":1,"name":"Portada","item":"https:\/\/ipmark.com\/"},{"@type":"ListItem","position":2,"name":"Stellantis refuerza su estructura en Espa\u00f1a y Portugal con dos nuevos nombramientos"}]},{"@type":"WebSite","@id":"https:\/\/ipmark.com\/#website","url":"https:\/\/ipmark.com\/","name":"IPMARK | Informaci\u00f3n de valor sobre marketing, publicidad, comunicaci\u00f3n y tendencias digitales","description":"Creaci\u00f3n de contenidos y eventos relevantes en torno a las marcas, las agencias, servicios de marketing y medios, \u00fatiles para la toma de decisiones en el d\u00eda a d\u00eda de los profesionales del marketing","potentialAction":[{"@type":"SearchAction","target":{"@type":"EntryPoint","urlTemplate":"https:\/\/ipmark.com\/?s={search_term_string}"},"query-input":{"@type":"PropertyValueSpecification","valueRequired":true,"valueName":"search_term_string"}}],"inLanguage":"es"},{"@type":"Person","@id":"https:\/\/ipmark.com\/#\/schema\/person\/ec8788ab6d1c2cb2791461de5417a21f","name":"Patricia Fern\u00e1ndez","image":{"@type":"ImageObject","inLanguage":"es","@id":"https:\/\/secure.gravatar.com\/avatar\/3b77284403c65a1efabda3a8d22258cf283668547fee0ec82ae2a2a18b8ffded?s=96&d=mm&r=g","url":"https:\/\/secure.gravatar.com\/avatar\/3b77284403c65a1efabda3a8d22258cf283668547fee0ec82ae2a2a18b8ffded?s=96&d=mm&r=g","contentUrl":"https:\/\/secure.gravatar.com\/avatar\/3b77284403c65a1efabda3a8d22258cf283668547fee0ec82ae2a2a18b8ffded?s=96&d=mm&r=g","caption":"Patricia Fern\u00e1ndez"},"url":"https:\/\/ipmark.com\/?author=10966"}]}},"_links":{"self":[{"href":"https:\/\/ipmark.com\/index.php?rest_route=\/wp\/v2\/posts\/246395","targetHints":{"allow":["GET"]}}],"collection":[{"href":"https:\/\/ipmark.com\/index.php?rest_route=\/wp\/v2\/posts"}],"about":[{"href":"https:\/\/ipmark.com\/index.php?rest_route=\/wp\/v2\/types\/post"}],"author":[{"embeddable":true,"href":"https:\/\/ipmark.com\/index.php?rest_route=\/wp\/v2\/users\/10966"}],"replies":[{"embeddable":true,"href":"https:\/\/ipmark.com\/index.php?rest_route=%2Fwp%2Fv2%2Fcomments&post=246395"}],"version-history":[{"count":4,"href":"https:\/\/ipmark.com\/index.php?rest_route=\/wp\/v2\/posts\/246395\/revisions"}],"predecessor-version":[{"id":246400,"href":"https:\/\/ipmark.com\/index.php?rest_route=\/wp\/v2\/posts\/246395\/revisions\/246400"}],"wp:featuredmedia":[{"embeddable":true,"href":"https:\/\/ipmark.com\/index.php?rest_route=\/wp\/v2\/media\/246396"}],"wp:attachment":[{"href":"https:\/\/ipmark.com\/index.php?rest_route=%2Fwp%2Fv2%2Fmedia&parent=246395"}],"wp:term":[{"taxonomy":"category","embeddable":true,"href":"https:\/\/ipmark.com\/index.php?rest_route=%2Fwp%2Fv2%2Fcategories&post=246395"},{"taxonomy":"post_tag","embeddable":true,"href":"https:\/\/ipmark.com\/index.php?rest_route=%2Fwp%2Fv2%2Ftags&post=246395"}],"curies":[{"name":"wp","href":"https:\/\/api.w.org\/{rel}","templated":true}]}}