{"id":246346,"date":"2026-08-26T11:47:11","date_gmt":"2026-08-26T09:47:11","guid":{"rendered":"https:\/\/ipmark.com\/?p=246346"},"modified":"2026-09-01T11:51:53","modified_gmt":"2026-09-01T09:51:53","slug":"andorra-es-bella-conectara-belleza-comercio-e-innovacion-en-octubre","status":"publish","type":"post","link":"https:\/\/ipmark.com\/andorra-es-bella-conectara-belleza-comercio-e-innovacion-en-octubre\/","title":{"rendered":"Andorra \u00e9s Bella conectar\u00e1 belleza, comercio e innovaci\u00f3n en octubre"},"content":{"rendered":"<p class=\"isSelectedEnd\"><strong>El Com\u00fa d&#8217;Andorra la Vella, con el respaldo de Andorra Turisme, ha puesto en marcha Andorra \u00e9s Bella, una iniciativa que busca conectar la industria de la belleza con el comercio, la tecnolog\u00eda y las nuevas experiencias de compra.<\/strong><\/p>\n<p class=\"isSelectedEnd\">El proyecto nace con vocaci\u00f3n de continuidad y pretende reunir a marcas, empresas, profesionales y especialistas para compartir conocimiento, analizar la evoluci\u00f3n del denominado<strong> <em>Beauty Commerce<\/em> y generar oportunidades de colaboraci\u00f3n<\/strong> entre los distintos actores del sector.<\/p>\n<p class=\"isSelectedEnd\">Andorra \u00e9s Bella se estructura alrededor de dos \u00e1reas. La primera ser\u00e1 <strong>Andorra Beauty Congress (The Omnichannel Beauty Innovation Congress)<\/strong>, un encuentro profesional dedicado a analizar tendencias, innovaci\u00f3n y nuevas oportunidades de negocio vinculadas a la belleza y el comercio. La segunda, <strong>Beauty Experience<\/strong>, trasladar\u00e1 el proyecto a la ciudad mediante distintas activaciones dirigidas al consumidor.<\/p>\n<p class=\"isSelectedEnd\">La primera edici\u00f3n tendr\u00e1 como eje principal el congreso profesional, que se celebrar\u00e1 el <strong>15 de octubre en el Centre de Congressos d&#8217;Andorra la Vella<\/strong>. Entre el 15 y el 18 de octubre se desarrollar\u00e1 adem\u00e1s una primera selecci\u00f3n de experiencias relacionadas con el cuidado personal y la perfumer\u00eda, con los sentidos como hilo conductor.<\/p>\n<p class=\"isSelectedEnd\"><strong>La iniciativa se apoya en la trayectoria comercial de Andorra<\/strong> en categor\u00edas como la perfumer\u00eda y la cosm\u00e9tica y plantea ampliar este posicionamiento hacia \u00e1mbitos como la innovaci\u00f3n, la tecnolog\u00eda y el conocimiento aplicado al comercio de belleza.<\/p>\n<p><strong>El proyecto tambi\u00e9n busca incorporar empresas del sector como <em>partners<\/em> fundadores<\/strong>, que participar\u00e1n en esta primera fase en el desarrollo de contenidos, experiencias y propuestas relacionadas con el futuro del <em>Beauty Commerce<\/em>.<\/p>\n","protected":false},"excerpt":{"rendered":"<p>La iniciativa impulsada por el Com\u00fa d&#8217;Andorra la Vella y respaldada por Andorra Turisme celebrar\u00e1 su primera edici\u00f3n del 15 al 18 de octubre.<\/p>\n","protected":false},"author":10966,"featured_media":246349,"comment_status":"closed","ping_status":"closed","sticky":false,"template":"","format":"standard","meta":{"_acf_changed":false,"footnotes":""},"categories":[54],"tags":[6620,50],"class_list":["post-246346","post","type-post","status-publish","format-standard","has-post-thumbnail","hentry","category-eventos","tag-beauty","tag-tecnologia"],"acf":[],"yoast_head":"<!-- This site is optimized with the Yoast SEO plugin v28.3 - https:\/\/yoast.com\/product\/yoast-seo-wordpress\/ -->\n<title>Andorra \u00e9s Bella conectar\u00e1 belleza, comercio e innovaci\u00f3n en octubre<\/title>\n<meta name=\"description\" content=\"La iniciativa impulsada por el Com\u00fa d&#039;Andorra la Vella y respaldada por Andorra Turisme celebrar\u00e1 su primera edici\u00f3n del 15 al 18 de octubre.\" \/>\n<meta name=\"robots\" content=\"index, follow, max-snippet:-1, max-image-preview:large, max-video-preview:-1\" \/>\n<link rel=\"canonical\" href=\"https:\/\/ipmark.com\/andorra-es-bella-conectara-belleza-comercio-e-innovacion-en-octubre\/\" \/>\n<meta property=\"og:locale\" content=\"es_ES\" \/>\n<meta property=\"og:type\" content=\"article\" \/>\n<meta property=\"og:title\" content=\"Andorra \u00e9s Bella conectar\u00e1 belleza, comercio e innovaci\u00f3n en octubre\" \/>\n<meta property=\"og:description\" content=\"La iniciativa impulsada por el Com\u00fa d&#039;Andorra la Vella y respaldada por Andorra Turisme celebrar\u00e1 su primera edici\u00f3n del 15 al 18 de octubre.\" \/>\n<meta property=\"og:url\" content=\"https:\/\/ipmark.com\/andorra-es-bella-conectara-belleza-comercio-e-innovacion-en-octubre\/\" \/>\n<meta property=\"og:site_name\" content=\"IPMARK | Informaci\u00f3n de valor sobre marketing, publicidad, comunicaci\u00f3n y tendencias digitales\" \/>\n<meta property=\"article:published_time\" content=\"2026-08-26T09:47:11+00:00\" \/>\n<meta property=\"article:modified_time\" content=\"2026-09-01T09:51:53+00:00\" \/>\n<meta property=\"og:image\" content=\"https:\/\/ipmark.com\/wp-content\/uploads\/Andorra-beauty-IPMARK-.jpg\" \/>\n\t<meta property=\"og:image:width\" content=\"1140\" \/>\n\t<meta property=\"og:image:height\" content=\"635\" \/>\n\t<meta property=\"og:image:type\" content=\"image\/jpeg\" \/>\n<meta name=\"author\" content=\"Patricia Fern\u00e1ndez\" \/>\n<meta name=\"twitter:card\" content=\"summary_large_image\" \/>\n<meta name=\"twitter:label1\" content=\"Escrito por\" \/>\n\t<meta name=\"twitter:data1\" content=\"Patricia Fern\u00e1ndez\" \/>\n\t<meta name=\"twitter:label2\" content=\"Tiempo de lectura\" \/>\n\t<meta name=\"twitter:data2\" content=\"2 minutos\" \/>\n<script type=\"application\/ld+json\" class=\"yoast-schema-graph\">{\"@context\":\"https:\\\/\\\/schema.org\",\"@graph\":[{\"@type\":\"Article\",\"@id\":\"https:\\\/\\\/ipmark.com\\\/andorra-es-bella-conectara-belleza-comercio-e-innovacion-en-octubre\\\/#article\",\"isPartOf\":{\"@id\":\"https:\\\/\\\/ipmark.com\\\/andorra-es-bella-conectara-belleza-comercio-e-innovacion-en-octubre\\\/\"},\"author\":{\"name\":\"Patricia Fern\u00e1ndez\",\"@id\":\"https:\\\/\\\/ipmark.com\\\/#\\\/schema\\\/person\\\/ec8788ab6d1c2cb2791461de5417a21f\"},\"headline\":\"Andorra \u00e9s Bella conectar\u00e1 belleza, comercio e innovaci\u00f3n en octubre\",\"datePublished\":\"2026-08-26T09:47:11+00:00\",\"dateModified\":\"2026-09-01T09:51:53+00:00\",\"mainEntityOfPage\":{\"@id\":\"https:\\\/\\\/ipmark.com\\\/andorra-es-bella-conectara-belleza-comercio-e-innovacion-en-octubre\\\/\"},\"wordCount\":281,\"image\":{\"@id\":\"https:\\\/\\\/ipmark.com\\\/andorra-es-bella-conectara-belleza-comercio-e-innovacion-en-octubre\\\/#primaryimage\"},\"thumbnailUrl\":\"https:\\\/\\\/ipmark.com\\\/wp-content\\\/uploads\\\/Andorra-beauty-IPMARK-.jpg\",\"keywords\":[\"beauty\",\"tecnolog\u00eda\"],\"articleSection\":[\"Eventos\"],\"inLanguage\":\"es\"},{\"@type\":\"WebPage\",\"@id\":\"https:\\\/\\\/ipmark.com\\\/andorra-es-bella-conectara-belleza-comercio-e-innovacion-en-octubre\\\/\",\"url\":\"https:\\\/\\\/ipmark.com\\\/andorra-es-bella-conectara-belleza-comercio-e-innovacion-en-octubre\\\/\",\"name\":\"Andorra \u00e9s Bella conectar\u00e1 belleza, comercio e innovaci\u00f3n en octubre\",\"isPartOf\":{\"@id\":\"https:\\\/\\\/ipmark.com\\\/#website\"},\"primaryImageOfPage\":{\"@id\":\"https:\\\/\\\/ipmark.com\\\/andorra-es-bella-conectara-belleza-comercio-e-innovacion-en-octubre\\\/#primaryimage\"},\"image\":{\"@id\":\"https:\\\/\\\/ipmark.com\\\/andorra-es-bella-conectara-belleza-comercio-e-innovacion-en-octubre\\\/#primaryimage\"},\"thumbnailUrl\":\"https:\\\/\\\/ipmark.com\\\/wp-content\\\/uploads\\\/Andorra-beauty-IPMARK-.jpg\",\"datePublished\":\"2026-08-26T09:47:11+00:00\",\"dateModified\":\"2026-09-01T09:51:53+00:00\",\"author\":{\"@id\":\"https:\\\/\\\/ipmark.com\\\/#\\\/schema\\\/person\\\/ec8788ab6d1c2cb2791461de5417a21f\"},\"description\":\"La iniciativa impulsada por el Com\u00fa d'Andorra la Vella y respaldada por Andorra Turisme celebrar\u00e1 su primera edici\u00f3n del 15 al 18 de octubre.\",\"breadcrumb\":{\"@id\":\"https:\\\/\\\/ipmark.com\\\/andorra-es-bella-conectara-belleza-comercio-e-innovacion-en-octubre\\\/#breadcrumb\"},\"inLanguage\":\"es\",\"potentialAction\":[{\"@type\":\"ReadAction\",\"target\":[\"https:\\\/\\\/ipmark.com\\\/andorra-es-bella-conectara-belleza-comercio-e-innovacion-en-octubre\\\/\"]}]},{\"@type\":\"ImageObject\",\"inLanguage\":\"es\",\"@id\":\"https:\\\/\\\/ipmark.com\\\/andorra-es-bella-conectara-belleza-comercio-e-innovacion-en-octubre\\\/#primaryimage\",\"url\":\"https:\\\/\\\/ipmark.com\\\/wp-content\\\/uploads\\\/Andorra-beauty-IPMARK-.jpg\",\"contentUrl\":\"https:\\\/\\\/ipmark.com\\\/wp-content\\\/uploads\\\/Andorra-beauty-IPMARK-.jpg\",\"width\":1140,\"height\":635,\"caption\":\"La iniciativa se apoya en la trayectoria comercial de Andorra en categor\u00edas como la perfumer\u00eda y la cosm\u00e9tica.\"},{\"@type\":\"BreadcrumbList\",\"@id\":\"https:\\\/\\\/ipmark.com\\\/andorra-es-bella-conectara-belleza-comercio-e-innovacion-en-octubre\\\/#breadcrumb\",\"itemListElement\":[{\"@type\":\"ListItem\",\"position\":1,\"name\":\"Portada\",\"item\":\"https:\\\/\\\/ipmark.com\\\/\"},{\"@type\":\"ListItem\",\"position\":2,\"name\":\"Andorra \u00e9s Bella conectar\u00e1 belleza, comercio e innovaci\u00f3n en octubre\"}]},{\"@type\":\"WebSite\",\"@id\":\"https:\\\/\\\/ipmark.com\\\/#website\",\"url\":\"https:\\\/\\\/ipmark.com\\\/\",\"name\":\"IPMARK | Informaci\u00f3n de valor sobre marketing, publicidad, comunicaci\u00f3n y tendencias digitales\",\"description\":\"Creaci\u00f3n de contenidos y eventos relevantes en torno a las marcas, las agencias, servicios de marketing y medios, \u00fatiles para la toma de decisiones en el d\u00eda a d\u00eda de los profesionales del marketing\",\"potentialAction\":[{\"@type\":\"SearchAction\",\"target\":{\"@type\":\"EntryPoint\",\"urlTemplate\":\"https:\\\/\\\/ipmark.com\\\/?s={search_term_string}\"},\"query-input\":{\"@type\":\"PropertyValueSpecification\",\"valueRequired\":true,\"valueName\":\"search_term_string\"}}],\"inLanguage\":\"es\"},{\"@type\":\"Person\",\"@id\":\"https:\\\/\\\/ipmark.com\\\/#\\\/schema\\\/person\\\/ec8788ab6d1c2cb2791461de5417a21f\",\"name\":\"Patricia Fern\u00e1ndez\",\"image\":{\"@type\":\"ImageObject\",\"inLanguage\":\"es\",\"@id\":\"https:\\\/\\\/secure.gravatar.com\\\/avatar\\\/3b77284403c65a1efabda3a8d22258cf283668547fee0ec82ae2a2a18b8ffded?s=96&d=mm&r=g\",\"url\":\"https:\\\/\\\/secure.gravatar.com\\\/avatar\\\/3b77284403c65a1efabda3a8d22258cf283668547fee0ec82ae2a2a18b8ffded?s=96&d=mm&r=g\",\"contentUrl\":\"https:\\\/\\\/secure.gravatar.com\\\/avatar\\\/3b77284403c65a1efabda3a8d22258cf283668547fee0ec82ae2a2a18b8ffded?s=96&d=mm&r=g\",\"caption\":\"Patricia Fern\u00e1ndez\"},\"url\":\"https:\\\/\\\/ipmark.com\\\/author\\\/patricia-fernandez\\\/\"}]}<\/script>\n<!-- \/ Yoast SEO plugin. -->","yoast_head_json":{"title":"Andorra \u00e9s Bella conectar\u00e1 belleza, comercio e innovaci\u00f3n en octubre","description":"La iniciativa impulsada por el Com\u00fa d'Andorra la Vella y respaldada por Andorra Turisme celebrar\u00e1 su primera edici\u00f3n del 15 al 18 de octubre.","robots":{"index":"index","follow":"follow","max-snippet":"max-snippet:-1","max-image-preview":"max-image-preview:large","max-video-preview":"max-video-preview:-1"},"canonical":"https:\/\/ipmark.com\/andorra-es-bella-conectara-belleza-comercio-e-innovacion-en-octubre\/","og_locale":"es_ES","og_type":"article","og_title":"Andorra \u00e9s Bella conectar\u00e1 belleza, comercio e innovaci\u00f3n en octubre","og_description":"La iniciativa impulsada por el Com\u00fa d'Andorra la Vella y respaldada por Andorra Turisme celebrar\u00e1 su primera edici\u00f3n del 15 al 18 de octubre.","og_url":"https:\/\/ipmark.com\/andorra-es-bella-conectara-belleza-comercio-e-innovacion-en-octubre\/","og_site_name":"IPMARK | Informaci\u00f3n de valor sobre marketing, publicidad, comunicaci\u00f3n y tendencias digitales","article_published_time":"2026-08-26T09:47:11+00:00","article_modified_time":"2026-09-01T09:51:53+00:00","og_image":[{"width":1140,"height":635,"url":"https:\/\/ipmark.com\/wp-content\/uploads\/Andorra-beauty-IPMARK-.jpg","type":"image\/jpeg"}],"author":"Patricia Fern\u00e1ndez","twitter_card":"summary_large_image","twitter_misc":{"Escrito por":"Patricia Fern\u00e1ndez","Tiempo de lectura":"2 minutos"},"schema":{"@context":"https:\/\/schema.org","@graph":[{"@type":"Article","@id":"https:\/\/ipmark.com\/andorra-es-bella-conectara-belleza-comercio-e-innovacion-en-octubre\/#article","isPartOf":{"@id":"https:\/\/ipmark.com\/andorra-es-bella-conectara-belleza-comercio-e-innovacion-en-octubre\/"},"author":{"name":"Patricia Fern\u00e1ndez","@id":"https:\/\/ipmark.com\/#\/schema\/person\/ec8788ab6d1c2cb2791461de5417a21f"},"headline":"Andorra \u00e9s Bella conectar\u00e1 belleza, comercio e innovaci\u00f3n en octubre","datePublished":"2026-08-26T09:47:11+00:00","dateModified":"2026-09-01T09:51:53+00:00","mainEntityOfPage":{"@id":"https:\/\/ipmark.com\/andorra-es-bella-conectara-belleza-comercio-e-innovacion-en-octubre\/"},"wordCount":281,"image":{"@id":"https:\/\/ipmark.com\/andorra-es-bella-conectara-belleza-comercio-e-innovacion-en-octubre\/#primaryimage"},"thumbnailUrl":"https:\/\/ipmark.com\/wp-content\/uploads\/Andorra-beauty-IPMARK-.jpg","keywords":["beauty","tecnolog\u00eda"],"articleSection":["Eventos"],"inLanguage":"es"},{"@type":"WebPage","@id":"https:\/\/ipmark.com\/andorra-es-bella-conectara-belleza-comercio-e-innovacion-en-octubre\/","url":"https:\/\/ipmark.com\/andorra-es-bella-conectara-belleza-comercio-e-innovacion-en-octubre\/","name":"Andorra \u00e9s Bella conectar\u00e1 belleza, comercio e innovaci\u00f3n en octubre","isPartOf":{"@id":"https:\/\/ipmark.com\/#website"},"primaryImageOfPage":{"@id":"https:\/\/ipmark.com\/andorra-es-bella-conectara-belleza-comercio-e-innovacion-en-octubre\/#primaryimage"},"image":{"@id":"https:\/\/ipmark.com\/andorra-es-bella-conectara-belleza-comercio-e-innovacion-en-octubre\/#primaryimage"},"thumbnailUrl":"https:\/\/ipmark.com\/wp-content\/uploads\/Andorra-beauty-IPMARK-.jpg","datePublished":"2026-08-26T09:47:11+00:00","dateModified":"2026-09-01T09:51:53+00:00","author":{"@id":"https:\/\/ipmark.com\/#\/schema\/person\/ec8788ab6d1c2cb2791461de5417a21f"},"description":"La iniciativa impulsada por el Com\u00fa d'Andorra la Vella y respaldada por Andorra Turisme celebrar\u00e1 su primera edici\u00f3n del 15 al 18 de octubre.","breadcrumb":{"@id":"https:\/\/ipmark.com\/andorra-es-bella-conectara-belleza-comercio-e-innovacion-en-octubre\/#breadcrumb"},"inLanguage":"es","potentialAction":[{"@type":"ReadAction","target":["https:\/\/ipmark.com\/andorra-es-bella-conectara-belleza-comercio-e-innovacion-en-octubre\/"]}]},{"@type":"ImageObject","inLanguage":"es","@id":"https:\/\/ipmark.com\/andorra-es-bella-conectara-belleza-comercio-e-innovacion-en-octubre\/#primaryimage","url":"https:\/\/ipmark.com\/wp-content\/uploads\/Andorra-beauty-IPMARK-.jpg","contentUrl":"https:\/\/ipmark.com\/wp-content\/uploads\/Andorra-beauty-IPMARK-.jpg","width":1140,"height":635,"caption":"La iniciativa se apoya en la trayectoria comercial de Andorra en categor\u00edas como la perfumer\u00eda y la cosm\u00e9tica."},{"@type":"BreadcrumbList","@id":"https:\/\/ipmark.com\/andorra-es-bella-conectara-belleza-comercio-e-innovacion-en-octubre\/#breadcrumb","itemListElement":[{"@type":"ListItem","position":1,"name":"Portada","item":"https:\/\/ipmark.com\/"},{"@type":"ListItem","position":2,"name":"Andorra \u00e9s Bella conectar\u00e1 belleza, comercio e innovaci\u00f3n en octubre"}]},{"@type":"WebSite","@id":"https:\/\/ipmark.com\/#website","url":"https:\/\/ipmark.com\/","name":"IPMARK | Informaci\u00f3n de valor sobre marketing, publicidad, comunicaci\u00f3n y tendencias digitales","description":"Creaci\u00f3n de contenidos y eventos relevantes en torno a las marcas, las agencias, servicios de marketing y medios, \u00fatiles para la toma de decisiones en el d\u00eda a d\u00eda de los profesionales del marketing","potentialAction":[{"@type":"SearchAction","target":{"@type":"EntryPoint","urlTemplate":"https:\/\/ipmark.com\/?s={search_term_string}"},"query-input":{"@type":"PropertyValueSpecification","valueRequired":true,"valueName":"search_term_string"}}],"inLanguage":"es"},{"@type":"Person","@id":"https:\/\/ipmark.com\/#\/schema\/person\/ec8788ab6d1c2cb2791461de5417a21f","name":"Patricia Fern\u00e1ndez","image":{"@type":"ImageObject","inLanguage":"es","@id":"https:\/\/secure.gravatar.com\/avatar\/3b77284403c65a1efabda3a8d22258cf283668547fee0ec82ae2a2a18b8ffded?s=96&d=mm&r=g","url":"https:\/\/secure.gravatar.com\/avatar\/3b77284403c65a1efabda3a8d22258cf283668547fee0ec82ae2a2a18b8ffded?s=96&d=mm&r=g","contentUrl":"https:\/\/secure.gravatar.com\/avatar\/3b77284403c65a1efabda3a8d22258cf283668547fee0ec82ae2a2a18b8ffded?s=96&d=mm&r=g","caption":"Patricia Fern\u00e1ndez"},"url":"https:\/\/ipmark.com\/author\/patricia-fernandez\/"}]}},"_links":{"self":[{"href":"https:\/\/ipmark.com\/wp-json\/wp\/v2\/posts\/246346","targetHints":{"allow":["GET"]}}],"collection":[{"href":"https:\/\/ipmark.com\/wp-json\/wp\/v2\/posts"}],"about":[{"href":"https:\/\/ipmark.com\/wp-json\/wp\/v2\/types\/post"}],"author":[{"embeddable":true,"href":"https:\/\/ipmark.com\/wp-json\/wp\/v2\/users\/10966"}],"replies":[{"embeddable":true,"href":"https:\/\/ipmark.com\/wp-json\/wp\/v2\/comments?post=246346"}],"version-history":[{"count":1,"href":"https:\/\/ipmark.com\/wp-json\/wp\/v2\/posts\/246346\/revisions"}],"predecessor-version":[{"id":246350,"href":"https:\/\/ipmark.com\/wp-json\/wp\/v2\/posts\/246346\/revisions\/246350"}],"wp:featuredmedia":[{"embeddable":true,"href":"https:\/\/ipmark.com\/wp-json\/wp\/v2\/media\/246349"}],"wp:attachment":[{"href":"https:\/\/ipmark.com\/wp-json\/wp\/v2\/media?parent=246346"}],"wp:term":[{"taxonomy":"category","embeddable":true,"href":"https:\/\/ipmark.com\/wp-json\/wp\/v2\/categories?post=246346"},{"taxonomy":"post_tag","embeddable":true,"href":"https:\/\/ipmark.com\/wp-json\/wp\/v2\/tags?post=246346"}],"curies":[{"name":"wp","href":"https:\/\/api.w.org\/{rel}","templated":true}]}}