{"id":246324,"date":"2026-08-28T11:23:27","date_gmt":"2026-08-28T09:23:27","guid":{"rendered":"https:\/\/ipmark.com\/?p=246324"},"modified":"2026-09-01T11:24:34","modified_gmt":"2026-09-01T09:24:34","slug":"skin-positive-agrado-amplia-gama-facial-agua-avena","status":"publish","type":"post","link":"https:\/\/ipmark.com\/skin-positive-agrado-amplia-gama-facial-agua-avena\/","title":{"rendered":"Skin Positive by Agrado ampl\u00eda su gama facial con Agua de Avena"},"content":{"rendered":"<p class=\"isSelectedEnd\"><strong>Skin Positive by Agrado ampl\u00eda su gama de cuidado facial con el lanzamiento de Agua de Avena, una nueva bruma para cara y cuerpo concebida para aportar hidrataci\u00f3n, suavidad y confort a la piel. La incorporaci\u00f3n se suma a otras referencias de la marca como Hyaluronic 8X 4D + Ceramidas, Vit C D-Lighted y Niacinamide \u2013 Purify.<\/strong><\/p>\n<p class=\"isSelectedEnd\">La f\u00f3rmula incorpora extracto de avena, destinado a acondicionar, hidratar y calmar la piel, adem\u00e1s de glicerina para contribuir al mantenimiento de la hidrataci\u00f3n y mejorar la sensaci\u00f3n de elasticidad y suavidad. <strong>El producto tambi\u00e9n contiene vitamina E, con acci\u00f3n antioxidante.<\/strong><\/p>\n<p class=\"isSelectedEnd\"><strong>La nueva referencia se presenta en un formato de 250 ml con spray nebulizador<\/strong>, efecto roc\u00edo y sin gas. Puede aplicarse tanto en el rostro como en el cuerpo durante la rutina diaria, despu\u00e9s de la exposici\u00f3n solar, el afeitado o la depilaci\u00f3n, as\u00ed como para refrescar la piel a lo largo del d\u00eda. Est\u00e1 indicada para todo tipo de pieles, incluidas las sensibles.<\/p>\n<p class=\"isSelectedEnd\"><strong>El producto ha sido testado bajo control dermatol\u00f3gico y oftalmol\u00f3gico.<\/strong> Seg\u00fan los resultados aportados por la marca, el 95% de los participantes mostr\u00f3 una percepci\u00f3n global positiva y el mismo porcentaje afirm\u00f3 que comprar\u00eda el producto.<\/p>\n<p>Con este lanzamiento, <strong>Skin Positive by Agrado contin\u00faa desarrollando su oferta de tratamiento facial<\/strong> con productos basados en activos reconocibles y concebidos para incorporarse de forma sencilla al cuidado diario. Agrado Cosmetic forma parte de Romar Global Care y comercializa productos de higiene, cuidado capilar, corporal, facial y protecci\u00f3n solar.<\/p>\n","protected":false},"excerpt":{"rendered":"<p>El producto ha sido testado bajo control dermatol\u00f3gico y oftalmol\u00f3gico.<\/p>\n","protected":false},"author":10966,"featured_media":246329,"comment_status":"closed","ping_status":"closed","sticky":false,"template":"","format":"standard","meta":{"_acf_changed":false,"footnotes":""},"categories":[38],"tags":[6593],"class_list":["post-246324","post","type-post","status-publish","format-standard","has-post-thumbnail","hentry","category-marcas","tag-lanzamientos"],"acf":[],"yoast_head":"<!-- This site is optimized with the Yoast SEO plugin v28.3 - https:\/\/yoast.com\/product\/yoast-seo-wordpress\/ -->\n<title>Skin Positive by Agrado ampl\u00eda su gama facial con Agua de Avena<\/title>\n<meta name=\"description\" content=\"El producto, que tambi\u00e9n contiene vitamina E, ha sido testado bajo control dermatol\u00f3gico y oftalmol\u00f3gico.\" \/>\n<meta name=\"robots\" content=\"index, follow, max-snippet:-1, max-image-preview:large, max-video-preview:-1\" \/>\n<link rel=\"canonical\" href=\"https:\/\/ipmark.com\/skin-positive-agrado-amplia-gama-facial-agua-avena\/\" \/>\n<meta property=\"og:locale\" content=\"es_ES\" \/>\n<meta property=\"og:type\" content=\"article\" \/>\n<meta property=\"og:title\" content=\"Skin Positive by Agrado ampl\u00eda su gama facial con Agua de Avena\" \/>\n<meta property=\"og:description\" content=\"El producto, que tambi\u00e9n contiene vitamina E, ha sido testado bajo control dermatol\u00f3gico y oftalmol\u00f3gico.\" \/>\n<meta property=\"og:url\" content=\"https:\/\/ipmark.com\/skin-positive-agrado-amplia-gama-facial-agua-avena\/\" \/>\n<meta property=\"og:site_name\" content=\"IPMARK | Informaci\u00f3n de valor sobre marketing, publicidad, comunicaci\u00f3n y tendencias digitales\" \/>\n<meta property=\"article:published_time\" content=\"2026-08-28T09:23:27+00:00\" \/>\n<meta property=\"article:modified_time\" content=\"2026-09-01T09:24:34+00:00\" \/>\n<meta property=\"og:image\" content=\"https:\/\/ipmark.com\/wp-content\/uploads\/agua-de-avena-IPMARK-.jpg\" \/>\n\t<meta property=\"og:image:width\" content=\"1140\" \/>\n\t<meta property=\"og:image:height\" content=\"635\" \/>\n\t<meta property=\"og:image:type\" content=\"image\/jpeg\" \/>\n<meta name=\"author\" content=\"Patricia Fern\u00e1ndez\" \/>\n<meta name=\"twitter:card\" content=\"summary_large_image\" \/>\n<meta name=\"twitter:label1\" content=\"Escrito por\" \/>\n\t<meta name=\"twitter:data1\" content=\"Patricia Fern\u00e1ndez\" \/>\n\t<meta name=\"twitter:label2\" content=\"Tiempo de lectura\" \/>\n\t<meta name=\"twitter:data2\" content=\"2 minutos\" \/>\n<script type=\"application\/ld+json\" class=\"yoast-schema-graph\">{\"@context\":\"https:\\\/\\\/schema.org\",\"@graph\":[{\"@type\":\"Article\",\"@id\":\"https:\\\/\\\/ipmark.com\\\/skin-positive-agrado-amplia-gama-facial-agua-avena\\\/#article\",\"isPartOf\":{\"@id\":\"https:\\\/\\\/ipmark.com\\\/skin-positive-agrado-amplia-gama-facial-agua-avena\\\/\"},\"author\":{\"name\":\"Patricia Fern\u00e1ndez\",\"@id\":\"https:\\\/\\\/ipmark.com\\\/#\\\/schema\\\/person\\\/ec8788ab6d1c2cb2791461de5417a21f\"},\"headline\":\"Skin Positive by Agrado ampl\u00eda su gama facial con Agua de Avena\",\"datePublished\":\"2026-08-28T09:23:27+00:00\",\"dateModified\":\"2026-09-01T09:24:34+00:00\",\"mainEntityOfPage\":{\"@id\":\"https:\\\/\\\/ipmark.com\\\/skin-positive-agrado-amplia-gama-facial-agua-avena\\\/\"},\"wordCount\":278,\"image\":{\"@id\":\"https:\\\/\\\/ipmark.com\\\/skin-positive-agrado-amplia-gama-facial-agua-avena\\\/#primaryimage\"},\"thumbnailUrl\":\"https:\\\/\\\/ipmark.com\\\/wp-content\\\/uploads\\\/agua-de-avena-IPMARK-.jpg\",\"keywords\":[\"lanzamientos\"],\"articleSection\":[\"Marcas\"],\"inLanguage\":\"es\"},{\"@type\":\"WebPage\",\"@id\":\"https:\\\/\\\/ipmark.com\\\/skin-positive-agrado-amplia-gama-facial-agua-avena\\\/\",\"url\":\"https:\\\/\\\/ipmark.com\\\/skin-positive-agrado-amplia-gama-facial-agua-avena\\\/\",\"name\":\"Skin Positive by Agrado ampl\u00eda su gama facial con Agua de Avena\",\"isPartOf\":{\"@id\":\"https:\\\/\\\/ipmark.com\\\/#website\"},\"primaryImageOfPage\":{\"@id\":\"https:\\\/\\\/ipmark.com\\\/skin-positive-agrado-amplia-gama-facial-agua-avena\\\/#primaryimage\"},\"image\":{\"@id\":\"https:\\\/\\\/ipmark.com\\\/skin-positive-agrado-amplia-gama-facial-agua-avena\\\/#primaryimage\"},\"thumbnailUrl\":\"https:\\\/\\\/ipmark.com\\\/wp-content\\\/uploads\\\/agua-de-avena-IPMARK-.jpg\",\"datePublished\":\"2026-08-28T09:23:27+00:00\",\"dateModified\":\"2026-09-01T09:24:34+00:00\",\"author\":{\"@id\":\"https:\\\/\\\/ipmark.com\\\/#\\\/schema\\\/person\\\/ec8788ab6d1c2cb2791461de5417a21f\"},\"description\":\"El producto, que tambi\u00e9n contiene vitamina E, ha sido testado bajo control dermatol\u00f3gico y oftalmol\u00f3gico.\",\"breadcrumb\":{\"@id\":\"https:\\\/\\\/ipmark.com\\\/skin-positive-agrado-amplia-gama-facial-agua-avena\\\/#breadcrumb\"},\"inLanguage\":\"es\",\"potentialAction\":[{\"@type\":\"ReadAction\",\"target\":[\"https:\\\/\\\/ipmark.com\\\/skin-positive-agrado-amplia-gama-facial-agua-avena\\\/\"]}]},{\"@type\":\"ImageObject\",\"inLanguage\":\"es\",\"@id\":\"https:\\\/\\\/ipmark.com\\\/skin-positive-agrado-amplia-gama-facial-agua-avena\\\/#primaryimage\",\"url\":\"https:\\\/\\\/ipmark.com\\\/wp-content\\\/uploads\\\/agua-de-avena-IPMARK-.jpg\",\"contentUrl\":\"https:\\\/\\\/ipmark.com\\\/wp-content\\\/uploads\\\/agua-de-avena-IPMARK-.jpg\",\"width\":1140,\"height\":635,\"caption\":\"La nueva referencia se presenta en un formato de 250 ml con spray nebulizador, efecto roc\u00edo y sin gas.\"},{\"@type\":\"BreadcrumbList\",\"@id\":\"https:\\\/\\\/ipmark.com\\\/skin-positive-agrado-amplia-gama-facial-agua-avena\\\/#breadcrumb\",\"itemListElement\":[{\"@type\":\"ListItem\",\"position\":1,\"name\":\"Portada\",\"item\":\"https:\\\/\\\/ipmark.com\\\/\"},{\"@type\":\"ListItem\",\"position\":2,\"name\":\"Skin Positive by Agrado ampl\u00eda su gama facial con Agua de Avena\"}]},{\"@type\":\"WebSite\",\"@id\":\"https:\\\/\\\/ipmark.com\\\/#website\",\"url\":\"https:\\\/\\\/ipmark.com\\\/\",\"name\":\"IPMARK | Informaci\u00f3n de valor sobre marketing, publicidad, comunicaci\u00f3n y tendencias digitales\",\"description\":\"Creaci\u00f3n de contenidos y eventos relevantes en torno a las marcas, las agencias, servicios de marketing y medios, \u00fatiles para la toma de decisiones en el d\u00eda a d\u00eda de los profesionales del marketing\",\"potentialAction\":[{\"@type\":\"SearchAction\",\"target\":{\"@type\":\"EntryPoint\",\"urlTemplate\":\"https:\\\/\\\/ipmark.com\\\/?s={search_term_string}\"},\"query-input\":{\"@type\":\"PropertyValueSpecification\",\"valueRequired\":true,\"valueName\":\"search_term_string\"}}],\"inLanguage\":\"es\"},{\"@type\":\"Person\",\"@id\":\"https:\\\/\\\/ipmark.com\\\/#\\\/schema\\\/person\\\/ec8788ab6d1c2cb2791461de5417a21f\",\"name\":\"Patricia Fern\u00e1ndez\",\"image\":{\"@type\":\"ImageObject\",\"inLanguage\":\"es\",\"@id\":\"https:\\\/\\\/secure.gravatar.com\\\/avatar\\\/3b77284403c65a1efabda3a8d22258cf283668547fee0ec82ae2a2a18b8ffded?s=96&d=mm&r=g\",\"url\":\"https:\\\/\\\/secure.gravatar.com\\\/avatar\\\/3b77284403c65a1efabda3a8d22258cf283668547fee0ec82ae2a2a18b8ffded?s=96&d=mm&r=g\",\"contentUrl\":\"https:\\\/\\\/secure.gravatar.com\\\/avatar\\\/3b77284403c65a1efabda3a8d22258cf283668547fee0ec82ae2a2a18b8ffded?s=96&d=mm&r=g\",\"caption\":\"Patricia Fern\u00e1ndez\"},\"url\":\"https:\\\/\\\/ipmark.com\\\/author\\\/patricia-fernandez\\\/\"}]}<\/script>\n<!-- \/ Yoast SEO plugin. -->","yoast_head_json":{"title":"Skin Positive by Agrado ampl\u00eda su gama facial con Agua de Avena","description":"El producto, que tambi\u00e9n contiene vitamina E, ha sido testado bajo control dermatol\u00f3gico y oftalmol\u00f3gico.","robots":{"index":"index","follow":"follow","max-snippet":"max-snippet:-1","max-image-preview":"max-image-preview:large","max-video-preview":"max-video-preview:-1"},"canonical":"https:\/\/ipmark.com\/skin-positive-agrado-amplia-gama-facial-agua-avena\/","og_locale":"es_ES","og_type":"article","og_title":"Skin Positive by Agrado ampl\u00eda su gama facial con Agua de Avena","og_description":"El producto, que tambi\u00e9n contiene vitamina E, ha sido testado bajo control dermatol\u00f3gico y oftalmol\u00f3gico.","og_url":"https:\/\/ipmark.com\/skin-positive-agrado-amplia-gama-facial-agua-avena\/","og_site_name":"IPMARK | Informaci\u00f3n de valor sobre marketing, publicidad, comunicaci\u00f3n y tendencias digitales","article_published_time":"2026-08-28T09:23:27+00:00","article_modified_time":"2026-09-01T09:24:34+00:00","og_image":[{"width":1140,"height":635,"url":"https:\/\/ipmark.com\/wp-content\/uploads\/agua-de-avena-IPMARK-.jpg","type":"image\/jpeg"}],"author":"Patricia Fern\u00e1ndez","twitter_card":"summary_large_image","twitter_misc":{"Escrito por":"Patricia Fern\u00e1ndez","Tiempo de lectura":"2 minutos"},"schema":{"@context":"https:\/\/schema.org","@graph":[{"@type":"Article","@id":"https:\/\/ipmark.com\/skin-positive-agrado-amplia-gama-facial-agua-avena\/#article","isPartOf":{"@id":"https:\/\/ipmark.com\/skin-positive-agrado-amplia-gama-facial-agua-avena\/"},"author":{"name":"Patricia Fern\u00e1ndez","@id":"https:\/\/ipmark.com\/#\/schema\/person\/ec8788ab6d1c2cb2791461de5417a21f"},"headline":"Skin Positive by Agrado ampl\u00eda su gama facial con Agua de Avena","datePublished":"2026-08-28T09:23:27+00:00","dateModified":"2026-09-01T09:24:34+00:00","mainEntityOfPage":{"@id":"https:\/\/ipmark.com\/skin-positive-agrado-amplia-gama-facial-agua-avena\/"},"wordCount":278,"image":{"@id":"https:\/\/ipmark.com\/skin-positive-agrado-amplia-gama-facial-agua-avena\/#primaryimage"},"thumbnailUrl":"https:\/\/ipmark.com\/wp-content\/uploads\/agua-de-avena-IPMARK-.jpg","keywords":["lanzamientos"],"articleSection":["Marcas"],"inLanguage":"es"},{"@type":"WebPage","@id":"https:\/\/ipmark.com\/skin-positive-agrado-amplia-gama-facial-agua-avena\/","url":"https:\/\/ipmark.com\/skin-positive-agrado-amplia-gama-facial-agua-avena\/","name":"Skin Positive by Agrado ampl\u00eda su gama facial con Agua de Avena","isPartOf":{"@id":"https:\/\/ipmark.com\/#website"},"primaryImageOfPage":{"@id":"https:\/\/ipmark.com\/skin-positive-agrado-amplia-gama-facial-agua-avena\/#primaryimage"},"image":{"@id":"https:\/\/ipmark.com\/skin-positive-agrado-amplia-gama-facial-agua-avena\/#primaryimage"},"thumbnailUrl":"https:\/\/ipmark.com\/wp-content\/uploads\/agua-de-avena-IPMARK-.jpg","datePublished":"2026-08-28T09:23:27+00:00","dateModified":"2026-09-01T09:24:34+00:00","author":{"@id":"https:\/\/ipmark.com\/#\/schema\/person\/ec8788ab6d1c2cb2791461de5417a21f"},"description":"El producto, que tambi\u00e9n contiene vitamina E, ha sido testado bajo control dermatol\u00f3gico y oftalmol\u00f3gico.","breadcrumb":{"@id":"https:\/\/ipmark.com\/skin-positive-agrado-amplia-gama-facial-agua-avena\/#breadcrumb"},"inLanguage":"es","potentialAction":[{"@type":"ReadAction","target":["https:\/\/ipmark.com\/skin-positive-agrado-amplia-gama-facial-agua-avena\/"]}]},{"@type":"ImageObject","inLanguage":"es","@id":"https:\/\/ipmark.com\/skin-positive-agrado-amplia-gama-facial-agua-avena\/#primaryimage","url":"https:\/\/ipmark.com\/wp-content\/uploads\/agua-de-avena-IPMARK-.jpg","contentUrl":"https:\/\/ipmark.com\/wp-content\/uploads\/agua-de-avena-IPMARK-.jpg","width":1140,"height":635,"caption":"La nueva referencia se presenta en un formato de 250 ml con spray nebulizador, efecto roc\u00edo y sin gas."},{"@type":"BreadcrumbList","@id":"https:\/\/ipmark.com\/skin-positive-agrado-amplia-gama-facial-agua-avena\/#breadcrumb","itemListElement":[{"@type":"ListItem","position":1,"name":"Portada","item":"https:\/\/ipmark.com\/"},{"@type":"ListItem","position":2,"name":"Skin Positive by Agrado ampl\u00eda su gama facial con Agua de Avena"}]},{"@type":"WebSite","@id":"https:\/\/ipmark.com\/#website","url":"https:\/\/ipmark.com\/","name":"IPMARK | Informaci\u00f3n de valor sobre marketing, publicidad, comunicaci\u00f3n y tendencias digitales","description":"Creaci\u00f3n de contenidos y eventos relevantes en torno a las marcas, las agencias, servicios de marketing y medios, \u00fatiles para la toma de decisiones en el d\u00eda a d\u00eda de los profesionales del marketing","potentialAction":[{"@type":"SearchAction","target":{"@type":"EntryPoint","urlTemplate":"https:\/\/ipmark.com\/?s={search_term_string}"},"query-input":{"@type":"PropertyValueSpecification","valueRequired":true,"valueName":"search_term_string"}}],"inLanguage":"es"},{"@type":"Person","@id":"https:\/\/ipmark.com\/#\/schema\/person\/ec8788ab6d1c2cb2791461de5417a21f","name":"Patricia Fern\u00e1ndez","image":{"@type":"ImageObject","inLanguage":"es","@id":"https:\/\/secure.gravatar.com\/avatar\/3b77284403c65a1efabda3a8d22258cf283668547fee0ec82ae2a2a18b8ffded?s=96&d=mm&r=g","url":"https:\/\/secure.gravatar.com\/avatar\/3b77284403c65a1efabda3a8d22258cf283668547fee0ec82ae2a2a18b8ffded?s=96&d=mm&r=g","contentUrl":"https:\/\/secure.gravatar.com\/avatar\/3b77284403c65a1efabda3a8d22258cf283668547fee0ec82ae2a2a18b8ffded?s=96&d=mm&r=g","caption":"Patricia Fern\u00e1ndez"},"url":"https:\/\/ipmark.com\/author\/patricia-fernandez\/"}]}},"_links":{"self":[{"href":"https:\/\/ipmark.com\/wp-json\/wp\/v2\/posts\/246324","targetHints":{"allow":["GET"]}}],"collection":[{"href":"https:\/\/ipmark.com\/wp-json\/wp\/v2\/posts"}],"about":[{"href":"https:\/\/ipmark.com\/wp-json\/wp\/v2\/types\/post"}],"author":[{"embeddable":true,"href":"https:\/\/ipmark.com\/wp-json\/wp\/v2\/users\/10966"}],"replies":[{"embeddable":true,"href":"https:\/\/ipmark.com\/wp-json\/wp\/v2\/comments?post=246324"}],"version-history":[{"count":1,"href":"https:\/\/ipmark.com\/wp-json\/wp\/v2\/posts\/246324\/revisions"}],"predecessor-version":[{"id":246330,"href":"https:\/\/ipmark.com\/wp-json\/wp\/v2\/posts\/246324\/revisions\/246330"}],"wp:featuredmedia":[{"embeddable":true,"href":"https:\/\/ipmark.com\/wp-json\/wp\/v2\/media\/246329"}],"wp:attachment":[{"href":"https:\/\/ipmark.com\/wp-json\/wp\/v2\/media?parent=246324"}],"wp:term":[{"taxonomy":"category","embeddable":true,"href":"https:\/\/ipmark.com\/wp-json\/wp\/v2\/categories?post=246324"},{"taxonomy":"post_tag","embeddable":true,"href":"https:\/\/ipmark.com\/wp-json\/wp\/v2\/tags?post=246324"}],"curies":[{"name":"wp","href":"https:\/\/api.w.org\/{rel}","templated":true}]}}