{"id":231180,"date":"2025-11-28T14:47:09","date_gmt":"2025-11-28T13:47:09","guid":{"rendered":"https:\/\/ipmark.com\/?p=231180"},"modified":"2025-12-01T13:15:03","modified_gmt":"2025-12-01T12:15:03","slug":"premios-win-2025-adc-palmares","status":"publish","type":"post","link":"https:\/\/ipmark.com\/premios-win-2025-adc-palmares\/","title":{"rendered":"AcentoenlaC\u00e9 y CYW logran el Gran Premio de los Premios W!N"},"content":{"rendered":"<p data-start=\"99\" data-end=\"516\"><strong>La Asociaci\u00f3n de Consultoras de Comunicaci\u00f3n (ADC) celebr\u00f3 el pasado 26 de noviembre en el Rooftop L\u00edrico del Teatro Calder\u00f3n (Madrid) la II edici\u00f3n de los Premios W!N, un festival que volvi\u00f3 a reunir al sector para reivindicar el papel estrat\u00e9gico de las relaciones p\u00fablicas bajo el lema \u201cNo es magia, es PR\u201d. La gala congreg\u00f3 a unos 240 representantes de agencias, consultoras, empresas, instituciones y medios de comunicaci\u00f3n.<\/strong><\/p>\n<p data-start=\"518\" data-end=\"983\">El periodista <strong>Ricardo Altable<\/strong> condujo la ceremonia, que arranc\u00f3 con las palabras de bienvenida de <strong>Ludi Garc\u00eda<\/strong>, presidenta de ADC y directora general de SEC Newgate, y de <strong>Ana Pic\u00f3<\/strong>, directora de los Premios W!N y <em>managing director<\/em> en Havas PR. Garc\u00eda subray\u00f3 que \u00abcada d\u00eda se nos pide m\u00e1s impacto, m\u00e1s creatividad y m\u00e1s responsabilidad, y estos premios son la prueba de que<strong> la comunicaci\u00f3n es una herramienta transformadora<\/strong> cuando se basa en estrategia, rigor y prop\u00f3sito\u00bb. Pico dijo que \u00ablos Premios W!N nacieron para reconocer campa\u00f1as que generan conversaciones reales y aportan valor, y esta edici\u00f3n confirma que <strong>seguimos elevando el list\u00f3n en creatividad, estrategia y \u00e9tica profesional<\/strong>\u00ab.<\/p>\n<p data-start=\"985\" data-end=\"1354\">En esta segunda edici\u00f3n, el jurado \u2014integrado por referentes de la industria\u2014 evalu\u00f3 115 campa\u00f1as, de las que 55 pasaron a la lista corta en 12 categor\u00edas. La deliberaci\u00f3n valor\u00f3 especialmente <strong>la solidez estrat\u00e9gica, la creatividad, la ejecuci\u00f3n t\u00e1ctica, los resultados y el respeto al C\u00f3digo \u00c9tico de ADC<\/strong>.<\/p>\n<p data-start=\"985\" data-end=\"1354\">Esta segunda edici\u00f3n se revisaron 115 campa\u00f1as, de las cuales 55 llegaron a la lista corta de las 12 categor\u00edas.<\/p>\n<h3 data-start=\"2702\" data-end=\"2735\">Gran Premio y Agencia del A\u00f1o<\/h3>\n<p data-start=\"2736\" data-end=\"2993\">El <strong data-start=\"2739\" data-end=\"2765\">Gran Premio del Jurado<\/strong> fue para <strong><em>El complemento perfecto<\/em> (AcentoenlaC\u00e9\/CYW) para Aceites de Oliva de Espa\u00f1a<\/strong>. En el c\u00f3mputo global de puntos, <strong>AcentoenlaC\u00e9<\/strong> se alz\u00f3 tambi\u00e9n como <strong data-start=\"2919\" data-end=\"2938\">Agencia del A\u00f1o<\/strong>, gracias a su acumulaci\u00f3n de metales y al Gran Premio.<\/p>\n<figure id=\"attachment_231194\" aria-describedby=\"caption-attachment-231194\" style=\"width: 800px\" class=\"wp-caption aligncenter\"><img decoding=\"async\" class=\"size-large wp-image-231194\" src=\"https:\/\/ipmark.com\/wp-content\/uploads\/mejore-agencia--1024x570.jpg\" alt=\"\" width=\"800\" height=\"445\" srcset=\"https:\/\/ipmark.com\/wp-content\/uploads\/mejore-agencia--1024x570.jpg 1024w, https:\/\/ipmark.com\/wp-content\/uploads\/mejore-agencia--300x167.jpg 300w, https:\/\/ipmark.com\/wp-content\/uploads\/mejore-agencia--768x428.jpg 768w, https:\/\/ipmark.com\/wp-content\/uploads\/mejore-agencia--100x56.jpg 100w, https:\/\/ipmark.com\/wp-content\/uploads\/mejore-agencia--800x445.jpg 800w, https:\/\/ipmark.com\/wp-content\/uploads\/mejore-agencia--24x13.jpg 24w, https:\/\/ipmark.com\/wp-content\/uploads\/mejore-agencia--36x20.jpg 36w, https:\/\/ipmark.com\/wp-content\/uploads\/mejore-agencia--48x27.jpg 48w, https:\/\/ipmark.com\/wp-content\/uploads\/mejore-agencia--600x334.jpg 600w, https:\/\/ipmark.com\/wp-content\/uploads\/mejore-agencia-.jpg 1140w\" sizes=\"(max-width: 800px) 100vw, 800px\" \/><figcaption id=\"caption-attachment-231194\" class=\"wp-caption-text\">Representantes de AcentoenlaC\u00e9 suben al escenario a recoger el reconocimiento como Agencia del A\u00f1o en la II edici\u00f3n de los Premios W!N.<\/figcaption><\/figure>\n<p data-start=\"3022\" data-end=\"3483\">ADC entreg\u00f3 adem\u00e1s tres galardones especiales, elegidos por la junta directiva de ADC y los asociados.<\/p>\n<ul>\n<li data-start=\"3022\" data-end=\"3483\">El premio a <strong data-start=\"3081\" data-end=\"3112\">La Marca que Mejor Comunica<\/strong> fue para <strong data-start=\"3122\" data-end=\"3131\">Mahou<\/strong>, por su estrategia anual de comunicaci\u00f3n y relaciones p\u00fablicas.<\/li>\n<\/ul>\n<figure id=\"attachment_231193\" aria-describedby=\"caption-attachment-231193\" style=\"width: 800px\" class=\"wp-caption aligncenter\"><img decoding=\"async\" class=\"size-full wp-image-231193\" src=\"https:\/\/ipmark.com\/wp-content\/uploads\/mejor-comunicacion-marca-.jpg\" alt=\"\" width=\"800\" height=\"445\" srcset=\"https:\/\/ipmark.com\/wp-content\/uploads\/mejor-comunicacion-marca-.jpg 800w, https:\/\/ipmark.com\/wp-content\/uploads\/mejor-comunicacion-marca--300x167.jpg 300w, https:\/\/ipmark.com\/wp-content\/uploads\/mejor-comunicacion-marca--768x427.jpg 768w, https:\/\/ipmark.com\/wp-content\/uploads\/mejor-comunicacion-marca--100x56.jpg 100w, https:\/\/ipmark.com\/wp-content\/uploads\/mejor-comunicacion-marca--24x13.jpg 24w, https:\/\/ipmark.com\/wp-content\/uploads\/mejor-comunicacion-marca--36x20.jpg 36w, https:\/\/ipmark.com\/wp-content\/uploads\/mejor-comunicacion-marca--48x27.jpg 48w, https:\/\/ipmark.com\/wp-content\/uploads\/mejor-comunicacion-marca--600x334.jpg 600w\" sizes=\"(max-width: 800px) 100vw, 800px\" \/><figcaption id=\"caption-attachment-231193\" class=\"wp-caption-text\">El equipo de Mahou sube al escenario a recoger el Premio Especial a la Marca que Mejor Comunica, otorgado por ADC.<\/figcaption><\/figure>\n<ul>\n<li data-start=\"3022\" data-end=\"3483\">El reconocimiento a la <strong data-start=\"3219\" data-end=\"3250\">Mejor Campa\u00f1a Internacional<\/strong> recay\u00f3 en <em>Dove \u2013 Code My Crown<\/em>, realizada por Edelman.<\/li>\n<\/ul>\n<figure id=\"attachment_231192\" aria-describedby=\"caption-attachment-231192\" style=\"width: 800px\" class=\"wp-caption aligncenter\"><img decoding=\"async\" class=\"size-full wp-image-231192\" src=\"https:\/\/ipmark.com\/wp-content\/uploads\/mejor-campana-internacional-ok.jpg\" alt=\"\" width=\"800\" height=\"445\" srcset=\"https:\/\/ipmark.com\/wp-content\/uploads\/mejor-campana-internacional-ok.jpg 800w, https:\/\/ipmark.com\/wp-content\/uploads\/mejor-campana-internacional-ok-300x167.jpg 300w, https:\/\/ipmark.com\/wp-content\/uploads\/mejor-campana-internacional-ok-768x427.jpg 768w, https:\/\/ipmark.com\/wp-content\/uploads\/mejor-campana-internacional-ok-100x56.jpg 100w, https:\/\/ipmark.com\/wp-content\/uploads\/mejor-campana-internacional-ok-24x13.jpg 24w, https:\/\/ipmark.com\/wp-content\/uploads\/mejor-campana-internacional-ok-36x20.jpg 36w, https:\/\/ipmark.com\/wp-content\/uploads\/mejor-campana-internacional-ok-48x27.jpg 48w, https:\/\/ipmark.com\/wp-content\/uploads\/mejor-campana-internacional-ok-600x334.jpg 600w\" sizes=\"(max-width: 800px) 100vw, 800px\" \/><figcaption id=\"caption-attachment-231192\" class=\"wp-caption-text\">Edelman sube al escenario a recoger el Premio Especial a la Mejor Campa\u00f1a Internacional por Dove \u2013 Code My Crown.<\/figcaption><\/figure>\n<ul>\n<li data-start=\"3022\" data-end=\"3483\">El premio a la <strong data-start=\"3325\" data-end=\"3350\">Comunicaci\u00f3n Ejemplar<\/strong> fue para la periodista <strong data-start=\"3374\" data-end=\"3392\">Almudena Ariza<\/strong>, por su trayectoria ligada a la veracidad informativa y la lucha contra la desinformaci\u00f3n.<\/li>\n<\/ul>\n<figure id=\"attachment_231190\" aria-describedby=\"caption-attachment-231190\" style=\"width: 800px\" class=\"wp-caption aligncenter\"><img decoding=\"async\" class=\"size-full wp-image-231190\" src=\"https:\/\/ipmark.com\/wp-content\/uploads\/comunicacion-ejemplar-.jpg\" alt=\"\" width=\"800\" height=\"445\" srcset=\"https:\/\/ipmark.com\/wp-content\/uploads\/comunicacion-ejemplar-.jpg 800w, https:\/\/ipmark.com\/wp-content\/uploads\/comunicacion-ejemplar--300x167.jpg 300w, https:\/\/ipmark.com\/wp-content\/uploads\/comunicacion-ejemplar--768x427.jpg 768w, https:\/\/ipmark.com\/wp-content\/uploads\/comunicacion-ejemplar--100x56.jpg 100w, https:\/\/ipmark.com\/wp-content\/uploads\/comunicacion-ejemplar--24x13.jpg 24w, https:\/\/ipmark.com\/wp-content\/uploads\/comunicacion-ejemplar--36x20.jpg 36w, https:\/\/ipmark.com\/wp-content\/uploads\/comunicacion-ejemplar--48x27.jpg 48w, https:\/\/ipmark.com\/wp-content\/uploads\/comunicacion-ejemplar--600x334.jpg 600w\" sizes=\"(max-width: 800px) 100vw, 800px\" \/><figcaption id=\"caption-attachment-231190\" class=\"wp-caption-text\">Almudena Ariza sube al escenario a recoger el Premio Especial a la Comunicaci\u00f3n Ejemplar por su trayectoria y compromiso con la verdad informativa.<\/figcaption><\/figure>\n<h3 data-start=\"115\" data-end=\"163\">Palmar\u00e9s de la II edici\u00f3n de los Premios W!N<\/h3>\n<p data-start=\"165\" data-end=\"231\"><strong data-start=\"165\" data-end=\"229\">1. Mejor campa\u00f1a de comunicaci\u00f3n interna y employer branding<\/strong><\/p>\n<ul data-start=\"232\" data-end=\"365\">\n<li data-start=\"232\" data-end=\"283\">\n<p data-start=\"234\" data-end=\"283\"><strong data-start=\"234\" data-end=\"242\">Oro:<\/strong> GROW por <em data-start=\"252\" data-end=\"269\">El conflictorio<\/em> \u2013 ITP Aero.<\/p>\n<\/li>\n<li data-start=\"284\" data-end=\"365\">\n<p data-start=\"286\" data-end=\"365\"><strong data-start=\"286\" data-end=\"297\">Bronce:<\/strong> Agencia Sensei + Creaktivamente por <em data-start=\"334\" data-end=\"355\">The Fermax Symphony<\/em> \u2013 Fermax.<\/p>\n<\/li>\n<\/ul>\n<p data-start=\"367\" data-end=\"412\"><strong data-start=\"367\" data-end=\"410\">2. Mejor campa\u00f1a Lobby &amp; Public Affairs<\/strong><\/p>\n<ul data-start=\"413\" data-end=\"580\">\n<li data-start=\"413\" data-end=\"503\">\n<p data-start=\"415\" data-end=\"503\"><strong data-start=\"415\" data-end=\"423\">Oro:<\/strong> AcentoenlaC\u00e9 y Ping\u00fcino Torreblanca por <em data-start=\"464\" data-end=\"482\">Leucemia Vete Ya<\/em> \u2013 Unoentrecienmil.<\/p>\n<\/li>\n<li data-start=\"504\" data-end=\"580\">\n<p data-start=\"506\" data-end=\"580\"><strong data-start=\"506\" data-end=\"516\">Plata:<\/strong> AcentoenlaC\u00e9 y Darwin &amp; Verne por <em data-start=\"551\" data-end=\"564\">Eco-il\u00f3gico<\/em> \u2013 SEO\/BirdLife.<\/p>\n<\/li>\n<\/ul>\n<p data-start=\"582\" data-end=\"657\"><strong data-start=\"582\" data-end=\"655\">3. Mejor campa\u00f1a de comunicaci\u00f3n corporativa y de reputaci\u00f3n de marca<\/strong><\/p>\n<ul data-start=\"658\" data-end=\"894\">\n<li data-start=\"658\" data-end=\"749\">\n<p data-start=\"660\" data-end=\"749\"><strong data-start=\"660\" data-end=\"668\">Oro:<\/strong> AcentoenlaC\u00e9 \/ CYW por <em data-start=\"692\" data-end=\"717\">El Complemento Perfecto<\/em> \u2013 Aceites de Oliva de Espa\u00f1a.<\/p>\n<\/li>\n<li data-start=\"750\" data-end=\"841\">\n<p data-start=\"752\" data-end=\"841\"><strong data-start=\"752\" data-end=\"762\">Plata:<\/strong> Innocean Spain por <em data-start=\"782\" data-end=\"801\">K\u00e9tchup con tilde<\/em> \u2013 Dulces y Conservas Helios \/ Helios.<\/p>\n<\/li>\n<li data-start=\"842\" data-end=\"894\">\n<p data-start=\"844\" data-end=\"894\"><strong data-start=\"844\" data-end=\"855\">Bronce:<\/strong> Burson por <em data-start=\"867\" data-end=\"885\">De Cepsa a Moeve<\/em> \u2013 Moeve.<\/p>\n<\/li>\n<\/ul>\n<p data-start=\"896\" data-end=\"984\"><strong data-start=\"896\" data-end=\"982\">4. Mejor campa\u00f1a de comunicaci\u00f3n de producto\/servicio dirigida al consumidor final<\/strong><\/p>\n<ul data-start=\"985\" data-end=\"1335\">\n<li data-start=\"985\" data-end=\"1076\">\n<p data-start=\"987\" data-end=\"1076\"><strong data-start=\"987\" data-end=\"995\">Oro:<\/strong> AcentoenlaC\u00e9 \/ CYW por <em data-start=\"1019\" data-end=\"1044\">El Complemento Perfecto<\/em> \u2013 Aceites de Oliva de Espa\u00f1a.<\/p>\n<\/li>\n<li data-start=\"1077\" data-end=\"1150\">\n<p data-start=\"1079\" data-end=\"1150\"><strong data-start=\"1079\" data-end=\"1087\">Oro:<\/strong> AcentoenlaC\u00e9 por <em data-start=\"1105\" data-end=\"1137\">\u00bfSer\u00e1 el colch\u00f3n? \u00bfO ser\u00e1s t\u00fa?<\/em> \u2013 Pikolin.<\/p>\n<\/li>\n<li data-start=\"1151\" data-end=\"1244\">\n<p data-start=\"1153\" data-end=\"1244\"><strong data-start=\"1153\" data-end=\"1163\">Plata:<\/strong> CHINA, Havas PR y Kitchen por <em data-start=\"1194\" data-end=\"1221\">Soseg\u00e1, el palo sin prisa<\/em> \u2013 Cervezas Alhambra.<\/p>\n<\/li>\n<li data-start=\"1245\" data-end=\"1335\">\n<p data-start=\"1247\" data-end=\"1335\"><strong data-start=\"1247\" data-end=\"1258\">Bronce:<\/strong> Innocean Spain por <em data-start=\"1278\" data-end=\"1297\">K\u00e9tchup con tilde<\/em> \u2013 Dulces y Conservas Helios \/ Helios.<\/p>\n<\/li>\n<\/ul>\n<p data-start=\"1337\" data-end=\"1369\"><strong data-start=\"1337\" data-end=\"1367\">5. Mejor gesti\u00f3n de crisis<\/strong><\/p>\n<ul data-start=\"1370\" data-end=\"1419\">\n<li data-start=\"1370\" data-end=\"1419\">\n<p data-start=\"1372\" data-end=\"1419\"><strong data-start=\"1372\" data-end=\"1394\">Categor\u00eda desierta<\/strong> por decisi\u00f3n del jurado.<\/p>\n<\/li>\n<\/ul>\n<p data-start=\"1421\" data-end=\"1462\"><strong data-start=\"1421\" data-end=\"1460\">6. Mejor campa\u00f1a de Branded Content<\/strong><\/p>\n<ul data-start=\"1463\" data-end=\"1741\">\n<li data-start=\"1463\" data-end=\"1546\">\n<p data-start=\"1465\" data-end=\"1546\"><strong data-start=\"1465\" data-end=\"1473\">Oro:<\/strong> SOMOS Experiences por <em data-start=\"1496\" data-end=\"1524\">CeraVe La Velada del A\u00f1o V<\/em> \u2013 CeraVe \/ L\u2019Or\u00e9al.<\/p>\n<\/li>\n<li data-start=\"1547\" data-end=\"1624\">\n<p data-start=\"1549\" data-end=\"1624\"><strong data-start=\"1549\" data-end=\"1559\">Plata:<\/strong> Innocean Spain por <em data-start=\"1579\" data-end=\"1598\">Parche al espacio<\/em> \u2013 Hyundai Motor Espa\u00f1a.<\/p>\n<\/li>\n<li data-start=\"1625\" data-end=\"1741\">\n<p data-start=\"1627\" data-end=\"1741\"><strong data-start=\"1627\" data-end=\"1638\">Bronce:<\/strong> Havas Play, Havas PR, Movistar Arena y El Terrat por <em data-start=\"1692\" data-end=\"1721\">La Sala Comedia by Domino\u2019s<\/em> \u2013 Alsea \/ Domino\u2019s.<\/p>\n<\/li>\n<\/ul>\n<p data-start=\"1743\" data-end=\"1789\"><strong data-start=\"1743\" data-end=\"1787\">7. Mejor campa\u00f1a de influencer marketing<\/strong><\/p>\n<ul data-start=\"1790\" data-end=\"2028\">\n<li data-start=\"1790\" data-end=\"1879\">\n<p data-start=\"1792\" data-end=\"1879\"><strong data-start=\"1792\" data-end=\"1800\">Oro:<\/strong> Samy por <em data-start=\"1810\" data-end=\"1844\">El D\u00fao Perfecto de L\u2019Or\u00e9al Par\u00eds<\/em> \u2013 Grupo L\u2019Or\u00e9al \/ L\u2019Or\u00e9al Par\u00eds.<\/p>\n<\/li>\n<li data-start=\"1880\" data-end=\"1935\">\n<p data-start=\"1882\" data-end=\"1935\"><strong data-start=\"1882\" data-end=\"1893\">Bronce:<\/strong> Accenture Song por <em data-start=\"1913\" data-end=\"1925\">Cata Wappa<\/em> \u2013 BBVA.<\/p>\n<\/li>\n<li data-start=\"1936\" data-end=\"2028\">\n<p data-start=\"1938\" data-end=\"2028\"><strong data-start=\"1938\" data-end=\"1949\">Bronce:<\/strong> Havas Play y Havas Internacional por <em data-start=\"1987\" data-end=\"2008\">Piensa en un helado<\/em> \u2013 Unilever \/ Frigo.<\/p>\n<\/li>\n<\/ul>\n<p data-start=\"2030\" data-end=\"2070\"><strong data-start=\"2030\" data-end=\"2068\">8. Mejor campa\u00f1a de redes sociales<\/strong><\/p>\n<ul data-start=\"2071\" data-end=\"2266\">\n<li data-start=\"2071\" data-end=\"2130\">\n<p data-start=\"2073\" data-end=\"2130\"><strong data-start=\"2073\" data-end=\"2081\">Oro:<\/strong> Edelman Spain por <em data-start=\"2100\" data-end=\"2118\">Ban this profile<\/em> \u2013 Ampara.<\/p>\n<\/li>\n<li data-start=\"2131\" data-end=\"2197\">\n<p data-start=\"2133\" data-end=\"2197\"><strong data-start=\"2133\" data-end=\"2143\">Plata:<\/strong> Alsea \/ Domino\u2019s Pizza por <em data-start=\"2171\" data-end=\"2194\">Domino\u2019s Rescue Slice<\/em>.<\/p>\n<\/li>\n<li data-start=\"2198\" data-end=\"2266\">\n<p data-start=\"2200\" data-end=\"2266\"><strong data-start=\"2200\" data-end=\"2210\">Plata:<\/strong> Innocean Spain por <em data-start=\"2230\" data-end=\"2246\">Rave en la M30<\/em> \u2013 KIA Espa\u00f1a \/ KIA.<\/p>\n<\/li>\n<\/ul>\n<p data-start=\"2268\" data-end=\"2289\"><strong data-start=\"2268\" data-end=\"2287\">9. Mejor evento<\/strong><\/p>\n<ul data-start=\"2290\" data-end=\"2551\">\n<li data-start=\"2290\" data-end=\"2379\">\n<p data-start=\"2292\" data-end=\"2379\"><strong data-start=\"2292\" data-end=\"2300\">Oro:<\/strong> SOMOS Experiences por <em data-start=\"2323\" data-end=\"2349\">10 Aniversario \u2013 Netflix<\/em> \u2013 Netflix Espa\u00f1a \/ Netflix.<\/p>\n<\/li>\n<li data-start=\"2380\" data-end=\"2477\">\n<p data-start=\"2382\" data-end=\"2477\"><strong data-start=\"2382\" data-end=\"2392\">Plata:<\/strong> Havas Play, Havas PR y Lady Brava por <em data-start=\"2431\" data-end=\"2449\">Domino\u2019s Tribute<\/em> \u2013 Alsea \/ Domino\u2019s Pizza.<\/p>\n<\/li>\n<li data-start=\"2478\" data-end=\"2551\">\n<p data-start=\"2480\" data-end=\"2551\"><strong data-start=\"2480\" data-end=\"2491\">Bronce:<\/strong> Ogilvy Espa\u00f1a por <em data-start=\"2510\" data-end=\"2533\">The White Lotus Spain<\/em> \u2013 HBO Max Espa\u00f1a.<\/p>\n<\/li>\n<\/ul>\n<p data-start=\"2553\" data-end=\"2596\"><strong data-start=\"2553\" data-end=\"2594\">10. Mejor campa\u00f1a de comunicaci\u00f3n ESG<\/strong><\/p>\n<ul data-start=\"2597\" data-end=\"2936\">\n<li data-start=\"2597\" data-end=\"2656\">\n<p data-start=\"2599\" data-end=\"2656\"><strong data-start=\"2599\" data-end=\"2607\">Oro:<\/strong> Edelman Spain por <em data-start=\"2626\" data-end=\"2644\">Ban this profile<\/em> \u2013 Ampara.<\/p>\n<\/li>\n<li data-start=\"2657\" data-end=\"2727\">\n<p data-start=\"2659\" data-end=\"2727\"><strong data-start=\"2659\" data-end=\"2669\">Plata:<\/strong> Havas Creative por <em data-start=\"2689\" data-end=\"2703\">Marino Uriel<\/em> \u2013 Atl\u00e9tico de Madrid.<\/p>\n<\/li>\n<li data-start=\"2728\" data-end=\"2806\">\n<p data-start=\"2730\" data-end=\"2806\"><strong data-start=\"2730\" data-end=\"2740\">Plata:<\/strong> Accenture Song por <em data-start=\"2760\" data-end=\"2783\">Cambiando una palabra<\/em> \u2013 Save the Children.<\/p>\n<\/li>\n<li data-start=\"2807\" data-end=\"2936\">\n<p data-start=\"2809\" data-end=\"2936\"><strong data-start=\"2809\" data-end=\"2820\">Bronce:<\/strong> Archetype \/ Nota Bene \/ Cheil por <em data-start=\"2855\" data-end=\"2925\">The Mind Guardian, cuidando de cada mente, cuidando de cada recuerdo<\/em> \u2013 Samsung.<\/p>\n<\/li>\n<\/ul>\n<p data-start=\"2938\" data-end=\"2970\"><strong data-start=\"2938\" data-end=\"2968\">11. Mejor uso del research<\/strong><\/p>\n<ul data-start=\"2971\" data-end=\"3116\">\n<li data-start=\"2971\" data-end=\"3042\">\n<p data-start=\"2973\" data-end=\"3042\"><strong data-start=\"2973\" data-end=\"2981\">Oro:<\/strong> Evercom por <em data-start=\"2994\" data-end=\"3031\">CARmela, el coche 100% para mujeres<\/em> \u2013 Midas.<\/p>\n<\/li>\n<li data-start=\"3043\" data-end=\"3116\">\n<p data-start=\"3045\" data-end=\"3116\"><strong data-start=\"3045\" data-end=\"3055\">Plata:<\/strong> Asesores por <em data-start=\"3069\" data-end=\"3104\">Contra las fake news, informaci\u00f3n<\/em> \u2013 Asesores.<\/p>\n<\/li>\n<\/ul>\n<p data-start=\"3118\" data-end=\"3175\"><strong data-start=\"3118\" data-end=\"3173\">12. Mejor explotaci\u00f3n y amplificaci\u00f3n de patrocinio<\/strong><\/p>\n<ul data-start=\"3176\" data-end=\"3423\">\n<li data-start=\"3176\" data-end=\"3258\">\n<p data-start=\"3178\" data-end=\"3258\"><strong data-start=\"3178\" data-end=\"3188\">Plata:<\/strong> Hyundai e Innocean Spain por <em data-start=\"3218\" data-end=\"3232\">Tipograf\u00eda N<\/em> \u2013 Hyundai Motor Espa\u00f1a.<\/p>\n<\/li>\n<li data-start=\"3259\" data-end=\"3343\">\n<p data-start=\"3261\" data-end=\"3343\"><strong data-start=\"3261\" data-end=\"3271\">Plata:<\/strong> Ideas Desde Cero por <em data-start=\"3293\" data-end=\"3330\">Desfile Guinness St. Patrick\u2019s 2025<\/em> \u2013 Guinness.<\/p>\n<\/li>\n<li data-start=\"3344\" data-end=\"3423\">\n<p data-start=\"3346\" data-end=\"3423\"><strong data-start=\"3346\" data-end=\"3357\">Bronce:<\/strong> Ogilvy, Havas y Spodeal por <em data-start=\"3386\" data-end=\"3412\">Aitana Bonmat\u00ed x Vueling<\/em> \u2013 Vueling.<\/p>\n<\/li>\n<\/ul>\n","protected":false},"excerpt":{"rendered":"<p>AcentoenlaC\u00e9 fue reconocida como Agencia del A\u00f1o, mientras que los premios especiales se entregaron a Mahou como Marca que Mejor Comunica, a &#8216;Dove \u2013 Code My Crown&#8217; (Edelman) como Mejor Campa\u00f1a Internacional y a Almudena Ariza con el galard\u00f3n a la Comunicaci\u00f3n Ejemplar.<\/p>\n","protected":false},"author":30,"featured_media":231191,"comment_status":"closed","ping_status":"closed","sticky":false,"template":"","format":"standard","meta":{"_acf_changed":false,"footnotes":""},"categories":[5900],"tags":[2464,2114,2227,6553],"class_list":["post-231180","post","type-post","status-publish","format-standard","has-post-thumbnail","hentry","category-festivales","tag-comunicacion","tag-creatividad","tag-marketing","tag-premios-wn"],"acf":[],"yoast_head":"<!-- This site is optimized with the Yoast SEO plugin v28.3 - https:\/\/yoast.com\/product\/yoast-seo-wordpress\/ -->\n<title>AcentoenlaC\u00e9 y CYW logran el Gran Premio de los Premios W!N - IPMARK | Informaci\u00f3n de valor sobre marketing, publicidad, comunicaci\u00f3n y tendencias digitales<\/title>\n<meta name=\"description\" content=\"La gala de ADC reuni\u00f3 a 240 profesionales en Madrid y distingui\u00f3 a AcentoenlaC\u00e9 como Agencia del A\u00f1o, adem\u00e1s de reconocer a Mahou, Edelman y Almudena Ariza con premios especiales.\" \/>\n<meta name=\"robots\" content=\"index, follow, max-snippet:-1, max-image-preview:large, max-video-preview:-1\" \/>\n<link rel=\"canonical\" href=\"https:\/\/ipmark.com\/premios-win-2025-adc-palmares\/\" \/>\n<meta property=\"og:locale\" content=\"es_ES\" \/>\n<meta property=\"og:type\" content=\"article\" \/>\n<meta property=\"og:title\" content=\"AcentoenlaC\u00e9 y CYW logran el Gran Premio de los Premios W!N - IPMARK | Informaci\u00f3n de valor sobre marketing, publicidad, comunicaci\u00f3n y tendencias digitales\" \/>\n<meta property=\"og:description\" content=\"La gala de ADC reuni\u00f3 a 240 profesionales en Madrid y distingui\u00f3 a AcentoenlaC\u00e9 como Agencia del A\u00f1o, adem\u00e1s de reconocer a Mahou, Edelman y Almudena Ariza con premios especiales.\" \/>\n<meta property=\"og:url\" content=\"https:\/\/ipmark.com\/premios-win-2025-adc-palmares\/\" \/>\n<meta property=\"og:site_name\" content=\"IPMARK | Informaci\u00f3n de valor sobre marketing, publicidad, comunicaci\u00f3n y tendencias digitales\" \/>\n<meta property=\"article:published_time\" content=\"2025-11-28T13:47:09+00:00\" \/>\n<meta property=\"article:modified_time\" content=\"2025-12-01T12:15:03+00:00\" \/>\n<meta property=\"og:image\" content=\"https:\/\/ipmark.com\/wp-content\/uploads\/gran-premios-ok.jpg\" \/>\n\t<meta property=\"og:image:width\" content=\"1140\" \/>\n\t<meta property=\"og:image:height\" content=\"635\" \/>\n\t<meta property=\"og:image:type\" content=\"image\/jpeg\" \/>\n<meta name=\"author\" content=\"Roc\u00edo Calder\u00f3n\" \/>\n<meta name=\"twitter:card\" content=\"summary_large_image\" \/>\n<meta name=\"twitter:label1\" content=\"Escrito por\" \/>\n\t<meta name=\"twitter:data1\" content=\"Roc\u00edo Calder\u00f3n\" \/>\n\t<meta name=\"twitter:label2\" content=\"Tiempo de lectura\" \/>\n\t<meta name=\"twitter:data2\" content=\"6 minutos\" \/>\n<script type=\"application\/ld+json\" class=\"yoast-schema-graph\">{\"@context\":\"https:\\\/\\\/schema.org\",\"@graph\":[{\"@type\":\"Article\",\"@id\":\"https:\\\/\\\/ipmark.com\\\/premios-win-2025-adc-palmares\\\/#article\",\"isPartOf\":{\"@id\":\"https:\\\/\\\/ipmark.com\\\/premios-win-2025-adc-palmares\\\/\"},\"author\":{\"name\":\"Roc\u00edo Calder\u00f3n\",\"@id\":\"https:\\\/\\\/ipmark.com\\\/#\\\/schema\\\/person\\\/0cd80129b6d6c318e9e1c6188e323a60\"},\"headline\":\"AcentoenlaC\u00e9 y CYW logran el Gran Premio de los Premios W!N\",\"datePublished\":\"2025-11-28T13:47:09+00:00\",\"dateModified\":\"2025-12-01T12:15:03+00:00\",\"mainEntityOfPage\":{\"@id\":\"https:\\\/\\\/ipmark.com\\\/premios-win-2025-adc-palmares\\\/\"},\"wordCount\":1029,\"image\":{\"@id\":\"https:\\\/\\\/ipmark.com\\\/premios-win-2025-adc-palmares\\\/#primaryimage\"},\"thumbnailUrl\":\"https:\\\/\\\/ipmark.com\\\/wp-content\\\/uploads\\\/gran-premios-ok.jpg\",\"keywords\":[\"comunicaci\u00f3n\",\"creatividad\",\"marketing\",\"Premios W!N\"],\"articleSection\":[\"Festivales\"],\"inLanguage\":\"es\"},{\"@type\":\"WebPage\",\"@id\":\"https:\\\/\\\/ipmark.com\\\/premios-win-2025-adc-palmares\\\/\",\"url\":\"https:\\\/\\\/ipmark.com\\\/premios-win-2025-adc-palmares\\\/\",\"name\":\"AcentoenlaC\u00e9 y CYW logran el Gran Premio de los Premios W!N - IPMARK | Informaci\u00f3n de valor sobre marketing, publicidad, comunicaci\u00f3n y tendencias digitales\",\"isPartOf\":{\"@id\":\"https:\\\/\\\/ipmark.com\\\/#website\"},\"primaryImageOfPage\":{\"@id\":\"https:\\\/\\\/ipmark.com\\\/premios-win-2025-adc-palmares\\\/#primaryimage\"},\"image\":{\"@id\":\"https:\\\/\\\/ipmark.com\\\/premios-win-2025-adc-palmares\\\/#primaryimage\"},\"thumbnailUrl\":\"https:\\\/\\\/ipmark.com\\\/wp-content\\\/uploads\\\/gran-premios-ok.jpg\",\"datePublished\":\"2025-11-28T13:47:09+00:00\",\"dateModified\":\"2025-12-01T12:15:03+00:00\",\"author\":{\"@id\":\"https:\\\/\\\/ipmark.com\\\/#\\\/schema\\\/person\\\/0cd80129b6d6c318e9e1c6188e323a60\"},\"description\":\"La gala de ADC reuni\u00f3 a 240 profesionales en Madrid y distingui\u00f3 a AcentoenlaC\u00e9 como Agencia del A\u00f1o, adem\u00e1s de reconocer a Mahou, Edelman y Almudena Ariza con premios especiales.\",\"breadcrumb\":{\"@id\":\"https:\\\/\\\/ipmark.com\\\/premios-win-2025-adc-palmares\\\/#breadcrumb\"},\"inLanguage\":\"es\",\"potentialAction\":[{\"@type\":\"ReadAction\",\"target\":[\"https:\\\/\\\/ipmark.com\\\/premios-win-2025-adc-palmares\\\/\"]}]},{\"@type\":\"ImageObject\",\"inLanguage\":\"es\",\"@id\":\"https:\\\/\\\/ipmark.com\\\/premios-win-2025-adc-palmares\\\/#primaryimage\",\"url\":\"https:\\\/\\\/ipmark.com\\\/wp-content\\\/uploads\\\/gran-premios-ok.jpg\",\"contentUrl\":\"https:\\\/\\\/ipmark.com\\\/wp-content\\\/uploads\\\/gran-premios-ok.jpg\",\"width\":1140,\"height\":635,\"caption\":\"El equipo de AcentoenlaC\u00e9 y CYW sube al escenario a recoger el Gran Premio de los Premios W!N por 'El Complemento Perfecto' para Aceites de Oliva de Espa\u00f1a.\"},{\"@type\":\"BreadcrumbList\",\"@id\":\"https:\\\/\\\/ipmark.com\\\/premios-win-2025-adc-palmares\\\/#breadcrumb\",\"itemListElement\":[{\"@type\":\"ListItem\",\"position\":1,\"name\":\"Portada\",\"item\":\"https:\\\/\\\/ipmark.com\\\/\"},{\"@type\":\"ListItem\",\"position\":2,\"name\":\"AcentoenlaC\u00e9 y CYW logran el Gran Premio de los Premios W!N\"}]},{\"@type\":\"WebSite\",\"@id\":\"https:\\\/\\\/ipmark.com\\\/#website\",\"url\":\"https:\\\/\\\/ipmark.com\\\/\",\"name\":\"IPMARK | Informaci\u00f3n de valor sobre marketing, publicidad, comunicaci\u00f3n y tendencias digitales\",\"description\":\"Creaci\u00f3n de contenidos y eventos relevantes en torno a las marcas, las agencias, servicios de marketing y medios, \u00fatiles para la toma de decisiones en el d\u00eda a d\u00eda de los profesionales del marketing\",\"potentialAction\":[{\"@type\":\"SearchAction\",\"target\":{\"@type\":\"EntryPoint\",\"urlTemplate\":\"https:\\\/\\\/ipmark.com\\\/?s={search_term_string}\"},\"query-input\":{\"@type\":\"PropertyValueSpecification\",\"valueRequired\":true,\"valueName\":\"search_term_string\"}}],\"inLanguage\":\"es\"},{\"@type\":\"Person\",\"@id\":\"https:\\\/\\\/ipmark.com\\\/#\\\/schema\\\/person\\\/0cd80129b6d6c318e9e1c6188e323a60\",\"name\":\"Roc\u00edo Calder\u00f3n\",\"image\":{\"@type\":\"ImageObject\",\"inLanguage\":\"es\",\"@id\":\"https:\\\/\\\/secure.gravatar.com\\\/avatar\\\/412548896651c633328d8cc2c85d187a30911c48a59855bf50ba032ec6525d33?s=96&d=mm&r=g\",\"url\":\"https:\\\/\\\/secure.gravatar.com\\\/avatar\\\/412548896651c633328d8cc2c85d187a30911c48a59855bf50ba032ec6525d33?s=96&d=mm&r=g\",\"contentUrl\":\"https:\\\/\\\/secure.gravatar.com\\\/avatar\\\/412548896651c633328d8cc2c85d187a30911c48a59855bf50ba032ec6525d33?s=96&d=mm&r=g\",\"caption\":\"Roc\u00edo Calder\u00f3n\"},\"url\":\"https:\\\/\\\/ipmark.com\\\/author\\\/rcalderon\\\/\"}]}<\/script>\n<!-- \/ Yoast SEO plugin. -->","yoast_head_json":{"title":"AcentoenlaC\u00e9 y CYW logran el Gran Premio de los Premios W!N - IPMARK | Informaci\u00f3n de valor sobre marketing, publicidad, comunicaci\u00f3n y tendencias digitales","description":"La gala de ADC reuni\u00f3 a 240 profesionales en Madrid y distingui\u00f3 a AcentoenlaC\u00e9 como Agencia del A\u00f1o, adem\u00e1s de reconocer a Mahou, Edelman y Almudena Ariza con premios especiales.","robots":{"index":"index","follow":"follow","max-snippet":"max-snippet:-1","max-image-preview":"max-image-preview:large","max-video-preview":"max-video-preview:-1"},"canonical":"https:\/\/ipmark.com\/premios-win-2025-adc-palmares\/","og_locale":"es_ES","og_type":"article","og_title":"AcentoenlaC\u00e9 y CYW logran el Gran Premio de los Premios W!N - IPMARK | Informaci\u00f3n de valor sobre marketing, publicidad, comunicaci\u00f3n y tendencias digitales","og_description":"La gala de ADC reuni\u00f3 a 240 profesionales en Madrid y distingui\u00f3 a AcentoenlaC\u00e9 como Agencia del A\u00f1o, adem\u00e1s de reconocer a Mahou, Edelman y Almudena Ariza con premios especiales.","og_url":"https:\/\/ipmark.com\/premios-win-2025-adc-palmares\/","og_site_name":"IPMARK | Informaci\u00f3n de valor sobre marketing, publicidad, comunicaci\u00f3n y tendencias digitales","article_published_time":"2025-11-28T13:47:09+00:00","article_modified_time":"2025-12-01T12:15:03+00:00","og_image":[{"width":1140,"height":635,"url":"https:\/\/ipmark.com\/wp-content\/uploads\/gran-premios-ok.jpg","type":"image\/jpeg"}],"author":"Roc\u00edo Calder\u00f3n","twitter_card":"summary_large_image","twitter_misc":{"Escrito por":"Roc\u00edo Calder\u00f3n","Tiempo de lectura":"6 minutos"},"schema":{"@context":"https:\/\/schema.org","@graph":[{"@type":"Article","@id":"https:\/\/ipmark.com\/premios-win-2025-adc-palmares\/#article","isPartOf":{"@id":"https:\/\/ipmark.com\/premios-win-2025-adc-palmares\/"},"author":{"name":"Roc\u00edo Calder\u00f3n","@id":"https:\/\/ipmark.com\/#\/schema\/person\/0cd80129b6d6c318e9e1c6188e323a60"},"headline":"AcentoenlaC\u00e9 y CYW logran el Gran Premio de los Premios W!N","datePublished":"2025-11-28T13:47:09+00:00","dateModified":"2025-12-01T12:15:03+00:00","mainEntityOfPage":{"@id":"https:\/\/ipmark.com\/premios-win-2025-adc-palmares\/"},"wordCount":1029,"image":{"@id":"https:\/\/ipmark.com\/premios-win-2025-adc-palmares\/#primaryimage"},"thumbnailUrl":"https:\/\/ipmark.com\/wp-content\/uploads\/gran-premios-ok.jpg","keywords":["comunicaci\u00f3n","creatividad","marketing","Premios W!N"],"articleSection":["Festivales"],"inLanguage":"es"},{"@type":"WebPage","@id":"https:\/\/ipmark.com\/premios-win-2025-adc-palmares\/","url":"https:\/\/ipmark.com\/premios-win-2025-adc-palmares\/","name":"AcentoenlaC\u00e9 y CYW logran el Gran Premio de los Premios W!N - IPMARK | Informaci\u00f3n de valor sobre marketing, publicidad, comunicaci\u00f3n y tendencias digitales","isPartOf":{"@id":"https:\/\/ipmark.com\/#website"},"primaryImageOfPage":{"@id":"https:\/\/ipmark.com\/premios-win-2025-adc-palmares\/#primaryimage"},"image":{"@id":"https:\/\/ipmark.com\/premios-win-2025-adc-palmares\/#primaryimage"},"thumbnailUrl":"https:\/\/ipmark.com\/wp-content\/uploads\/gran-premios-ok.jpg","datePublished":"2025-11-28T13:47:09+00:00","dateModified":"2025-12-01T12:15:03+00:00","author":{"@id":"https:\/\/ipmark.com\/#\/schema\/person\/0cd80129b6d6c318e9e1c6188e323a60"},"description":"La gala de ADC reuni\u00f3 a 240 profesionales en Madrid y distingui\u00f3 a AcentoenlaC\u00e9 como Agencia del A\u00f1o, adem\u00e1s de reconocer a Mahou, Edelman y Almudena Ariza con premios especiales.","breadcrumb":{"@id":"https:\/\/ipmark.com\/premios-win-2025-adc-palmares\/#breadcrumb"},"inLanguage":"es","potentialAction":[{"@type":"ReadAction","target":["https:\/\/ipmark.com\/premios-win-2025-adc-palmares\/"]}]},{"@type":"ImageObject","inLanguage":"es","@id":"https:\/\/ipmark.com\/premios-win-2025-adc-palmares\/#primaryimage","url":"https:\/\/ipmark.com\/wp-content\/uploads\/gran-premios-ok.jpg","contentUrl":"https:\/\/ipmark.com\/wp-content\/uploads\/gran-premios-ok.jpg","width":1140,"height":635,"caption":"El equipo de AcentoenlaC\u00e9 y CYW sube al escenario a recoger el Gran Premio de los Premios W!N por 'El Complemento Perfecto' para Aceites de Oliva de Espa\u00f1a."},{"@type":"BreadcrumbList","@id":"https:\/\/ipmark.com\/premios-win-2025-adc-palmares\/#breadcrumb","itemListElement":[{"@type":"ListItem","position":1,"name":"Portada","item":"https:\/\/ipmark.com\/"},{"@type":"ListItem","position":2,"name":"AcentoenlaC\u00e9 y CYW logran el Gran Premio de los Premios W!N"}]},{"@type":"WebSite","@id":"https:\/\/ipmark.com\/#website","url":"https:\/\/ipmark.com\/","name":"IPMARK | Informaci\u00f3n de valor sobre marketing, publicidad, comunicaci\u00f3n y tendencias digitales","description":"Creaci\u00f3n de contenidos y eventos relevantes en torno a las marcas, las agencias, servicios de marketing y medios, \u00fatiles para la toma de decisiones en el d\u00eda a d\u00eda de los profesionales del marketing","potentialAction":[{"@type":"SearchAction","target":{"@type":"EntryPoint","urlTemplate":"https:\/\/ipmark.com\/?s={search_term_string}"},"query-input":{"@type":"PropertyValueSpecification","valueRequired":true,"valueName":"search_term_string"}}],"inLanguage":"es"},{"@type":"Person","@id":"https:\/\/ipmark.com\/#\/schema\/person\/0cd80129b6d6c318e9e1c6188e323a60","name":"Roc\u00edo Calder\u00f3n","image":{"@type":"ImageObject","inLanguage":"es","@id":"https:\/\/secure.gravatar.com\/avatar\/412548896651c633328d8cc2c85d187a30911c48a59855bf50ba032ec6525d33?s=96&d=mm&r=g","url":"https:\/\/secure.gravatar.com\/avatar\/412548896651c633328d8cc2c85d187a30911c48a59855bf50ba032ec6525d33?s=96&d=mm&r=g","contentUrl":"https:\/\/secure.gravatar.com\/avatar\/412548896651c633328d8cc2c85d187a30911c48a59855bf50ba032ec6525d33?s=96&d=mm&r=g","caption":"Roc\u00edo Calder\u00f3n"},"url":"https:\/\/ipmark.com\/author\/rcalderon\/"}]}},"_links":{"self":[{"href":"https:\/\/ipmark.com\/wp-json\/wp\/v2\/posts\/231180","targetHints":{"allow":["GET"]}}],"collection":[{"href":"https:\/\/ipmark.com\/wp-json\/wp\/v2\/posts"}],"about":[{"href":"https:\/\/ipmark.com\/wp-json\/wp\/v2\/types\/post"}],"author":[{"embeddable":true,"href":"https:\/\/ipmark.com\/wp-json\/wp\/v2\/users\/30"}],"replies":[{"embeddable":true,"href":"https:\/\/ipmark.com\/wp-json\/wp\/v2\/comments?post=231180"}],"version-history":[{"count":9,"href":"https:\/\/ipmark.com\/wp-json\/wp\/v2\/posts\/231180\/revisions"}],"predecessor-version":[{"id":231257,"href":"https:\/\/ipmark.com\/wp-json\/wp\/v2\/posts\/231180\/revisions\/231257"}],"wp:featuredmedia":[{"embeddable":true,"href":"https:\/\/ipmark.com\/wp-json\/wp\/v2\/media\/231191"}],"wp:attachment":[{"href":"https:\/\/ipmark.com\/wp-json\/wp\/v2\/media?parent=231180"}],"wp:term":[{"taxonomy":"category","embeddable":true,"href":"https:\/\/ipmark.com\/wp-json\/wp\/v2\/categories?post=231180"},{"taxonomy":"post_tag","embeddable":true,"href":"https:\/\/ipmark.com\/wp-json\/wp\/v2\/tags?post=231180"}],"curies":[{"name":"wp","href":"https:\/\/api.w.org\/{rel}","templated":true}]}}