{"id":17484,"date":"2013-10-22T09:38:16","date_gmt":"2013-10-22T09:38:16","guid":{"rendered":"https:\/\/ipmark.com\/maxus-comienza-a-trabajar-para-aegon-espaa\/"},"modified":"2013-10-22T09:38:16","modified_gmt":"2013-10-22T09:38:16","slug":"maxus-comienza-a-trabajar-para-aegon-espaa","status":"publish","type":"post","link":"https:\/\/ipmark.com\/?p=17484","title":{"rendered":"Maxus comienza a trabajar para Aegon Espa\u00f1a"},"content":{"rendered":"<p>La campa\u00f1a arranc\u00f3 a finales de septiembre con la emisi\u00f3n en televisi\u00f3n del anuncio <a class=\"enlace\" style=\"font-size:100%\" href=\"https:\/\/www.youtube.com\/watch?v=0WaTjrzl0VU\">Mi peque\u00f1a<\/a>. El plan de medios tambi\u00e9n incluye radio, prensa y acciones especiales en diversos soportes, entre ellas la aparici\u00f3n de la falsa portada incorporada al suplemento El Pa\u00eds Semanal el d\u00eda 29 de septiembre, que ocup\u00f3 las cuatro caras del pliego m\u00e1s el interior de la contraportada.<\/p>\n<p>La estrategia de comunicaci\u00f3n se ha elaborado de forma conjunta con la agencia de publicidad que tiene por nombre Kitchen<\/p>\n","protected":false},"excerpt":{"rendered":"<p>La campa\u00f1a arranc\u00f3 a finales de septiembre con la emisi\u00f3n en televisi\u00f3n del anuncio Mi peque\u00f1a. El plan de medios<\/p>\n","protected":false},"author":21,"featured_media":0,"comment_status":"open","ping_status":"closed","sticky":false,"template":"","format":"standard","meta":{"_acf_changed":false,"footnotes":""},"categories":[56],"tags":[],"class_list":["post-17484","post","type-post","status-publish","format-standard","hentry","category-agencias"],"acf":[],"yoast_head":"<!-- This site is optimized with the Yoast SEO plugin v28.3 - https:\/\/yoast.com\/product\/yoast-seo-wordpress\/ -->\n<title>Maxus comienza a trabajar para Aegon Espa\u00f1a - IPMARK | Informaci\u00f3n de valor sobre marketing, publicidad, comunicaci\u00f3n y tendencias digitales<\/title>\n<meta name=\"robots\" content=\"index, follow, max-snippet:-1, max-image-preview:large, max-video-preview:-1\" \/>\n<link rel=\"canonical\" href=\"https:\/\/ipmark.com\/?p=17484\" \/>\n<meta property=\"og:locale\" content=\"es_ES\" \/>\n<meta property=\"og:type\" content=\"article\" \/>\n<meta property=\"og:title\" content=\"Maxus comienza a trabajar para Aegon Espa\u00f1a - IPMARK | Informaci\u00f3n de valor sobre marketing, publicidad, comunicaci\u00f3n y tendencias digitales\" \/>\n<meta property=\"og:description\" content=\"La campa\u00f1a arranc\u00f3 a finales de septiembre con la emisi\u00f3n en televisi\u00f3n del anuncio Mi peque\u00f1a. El plan de medios\" \/>\n<meta property=\"og:url\" content=\"https:\/\/ipmark.com\/?p=17484\" \/>\n<meta property=\"og:site_name\" content=\"IPMARK | Informaci\u00f3n de valor sobre marketing, publicidad, comunicaci\u00f3n y tendencias digitales\" \/>\n<meta property=\"article:published_time\" content=\"2013-10-22T09:38:16+00:00\" \/>\n<meta name=\"author\" content=\"ipmark\" \/>\n<meta name=\"twitter:card\" content=\"summary_large_image\" \/>\n<meta name=\"twitter:label1\" content=\"Escrito por\" \/>\n\t<meta name=\"twitter:data1\" content=\"ipmark\" \/>\n<script type=\"application\/ld+json\" class=\"yoast-schema-graph\">{\"@context\":\"https:\\\/\\\/schema.org\",\"@graph\":[{\"@type\":\"Article\",\"@id\":\"https:\\\/\\\/ipmark.com\\\/?p=17484#article\",\"isPartOf\":{\"@id\":\"https:\\\/\\\/ipmark.com\\\/?p=17484\"},\"author\":{\"name\":\"ipmark\",\"@id\":\"https:\\\/\\\/ipmark.com\\\/#\\\/schema\\\/person\\\/27bd0ad78d511e9ab12d06f6568067e1\"},\"headline\":\"Maxus comienza a trabajar para Aegon Espa\u00f1a\",\"datePublished\":\"2013-10-22T09:38:16+00:00\",\"mainEntityOfPage\":{\"@id\":\"https:\\\/\\\/ipmark.com\\\/?p=17484\"},\"wordCount\":99,\"commentCount\":0,\"articleSection\":[\"Agencias\"],\"inLanguage\":\"es\"},{\"@type\":\"WebPage\",\"@id\":\"https:\\\/\\\/ipmark.com\\\/?p=17484\",\"url\":\"https:\\\/\\\/ipmark.com\\\/?p=17484\",\"name\":\"Maxus comienza a trabajar para Aegon Espa\u00f1a - IPMARK | Informaci\u00f3n de valor sobre marketing, publicidad, comunicaci\u00f3n y tendencias digitales\",\"isPartOf\":{\"@id\":\"https:\\\/\\\/ipmark.com\\\/#website\"},\"datePublished\":\"2013-10-22T09:38:16+00:00\",\"author\":{\"@id\":\"https:\\\/\\\/ipmark.com\\\/#\\\/schema\\\/person\\\/27bd0ad78d511e9ab12d06f6568067e1\"},\"breadcrumb\":{\"@id\":\"https:\\\/\\\/ipmark.com\\\/?p=17484#breadcrumb\"},\"inLanguage\":\"es\",\"potentialAction\":[{\"@type\":\"ReadAction\",\"target\":[\"https:\\\/\\\/ipmark.com\\\/?p=17484\"]}]},{\"@type\":\"BreadcrumbList\",\"@id\":\"https:\\\/\\\/ipmark.com\\\/?p=17484#breadcrumb\",\"itemListElement\":[{\"@type\":\"ListItem\",\"position\":1,\"name\":\"Portada\",\"item\":\"https:\\\/\\\/ipmark.com\\\/\"},{\"@type\":\"ListItem\",\"position\":2,\"name\":\"Maxus comienza a trabajar para Aegon Espa\u00f1a\"}]},{\"@type\":\"WebSite\",\"@id\":\"https:\\\/\\\/ipmark.com\\\/#website\",\"url\":\"https:\\\/\\\/ipmark.com\\\/\",\"name\":\"IPMARK | Informaci\u00f3n de valor sobre marketing, publicidad, comunicaci\u00f3n y tendencias digitales\",\"description\":\"Creaci\u00f3n de contenidos y eventos relevantes en torno a las marcas, las agencias, servicios de marketing y medios, \u00fatiles para la toma de decisiones en el d\u00eda a d\u00eda de los profesionales del marketing\",\"potentialAction\":[{\"@type\":\"SearchAction\",\"target\":{\"@type\":\"EntryPoint\",\"urlTemplate\":\"https:\\\/\\\/ipmark.com\\\/?s={search_term_string}\"},\"query-input\":{\"@type\":\"PropertyValueSpecification\",\"valueRequired\":true,\"valueName\":\"search_term_string\"}}],\"inLanguage\":\"es\"},{\"@type\":\"Person\",\"@id\":\"https:\\\/\\\/ipmark.com\\\/#\\\/schema\\\/person\\\/27bd0ad78d511e9ab12d06f6568067e1\",\"name\":\"ipmark\",\"image\":{\"@type\":\"ImageObject\",\"inLanguage\":\"es\",\"@id\":\"https:\\\/\\\/secure.gravatar.com\\\/avatar\\\/386009538b8cc7d7f1fd9eb965ed74cc85c95ce0765d3dbe671542b85d6a9bae?s=96&d=mm&r=g\",\"url\":\"https:\\\/\\\/secure.gravatar.com\\\/avatar\\\/386009538b8cc7d7f1fd9eb965ed74cc85c95ce0765d3dbe671542b85d6a9bae?s=96&d=mm&r=g\",\"contentUrl\":\"https:\\\/\\\/secure.gravatar.com\\\/avatar\\\/386009538b8cc7d7f1fd9eb965ed74cc85c95ce0765d3dbe671542b85d6a9bae?s=96&d=mm&r=g\",\"caption\":\"ipmark\"},\"url\":\"https:\\\/\\\/ipmark.com\\\/?author=21\"}]}<\/script>\n<!-- \/ Yoast SEO plugin. -->","yoast_head_json":{"title":"Maxus comienza a trabajar para Aegon Espa\u00f1a - IPMARK | Informaci\u00f3n de valor sobre marketing, publicidad, comunicaci\u00f3n y tendencias digitales","robots":{"index":"index","follow":"follow","max-snippet":"max-snippet:-1","max-image-preview":"max-image-preview:large","max-video-preview":"max-video-preview:-1"},"canonical":"https:\/\/ipmark.com\/?p=17484","og_locale":"es_ES","og_type":"article","og_title":"Maxus comienza a trabajar para Aegon Espa\u00f1a - IPMARK | Informaci\u00f3n de valor sobre marketing, publicidad, comunicaci\u00f3n y tendencias digitales","og_description":"La campa\u00f1a arranc\u00f3 a finales de septiembre con la emisi\u00f3n en televisi\u00f3n del anuncio Mi peque\u00f1a. El plan de medios","og_url":"https:\/\/ipmark.com\/?p=17484","og_site_name":"IPMARK | Informaci\u00f3n de valor sobre marketing, publicidad, comunicaci\u00f3n y tendencias digitales","article_published_time":"2013-10-22T09:38:16+00:00","author":"ipmark","twitter_card":"summary_large_image","twitter_misc":{"Escrito por":"ipmark"},"schema":{"@context":"https:\/\/schema.org","@graph":[{"@type":"Article","@id":"https:\/\/ipmark.com\/?p=17484#article","isPartOf":{"@id":"https:\/\/ipmark.com\/?p=17484"},"author":{"name":"ipmark","@id":"https:\/\/ipmark.com\/#\/schema\/person\/27bd0ad78d511e9ab12d06f6568067e1"},"headline":"Maxus comienza a trabajar para Aegon Espa\u00f1a","datePublished":"2013-10-22T09:38:16+00:00","mainEntityOfPage":{"@id":"https:\/\/ipmark.com\/?p=17484"},"wordCount":99,"commentCount":0,"articleSection":["Agencias"],"inLanguage":"es"},{"@type":"WebPage","@id":"https:\/\/ipmark.com\/?p=17484","url":"https:\/\/ipmark.com\/?p=17484","name":"Maxus comienza a trabajar para Aegon Espa\u00f1a - IPMARK | Informaci\u00f3n de valor sobre marketing, publicidad, comunicaci\u00f3n y tendencias digitales","isPartOf":{"@id":"https:\/\/ipmark.com\/#website"},"datePublished":"2013-10-22T09:38:16+00:00","author":{"@id":"https:\/\/ipmark.com\/#\/schema\/person\/27bd0ad78d511e9ab12d06f6568067e1"},"breadcrumb":{"@id":"https:\/\/ipmark.com\/?p=17484#breadcrumb"},"inLanguage":"es","potentialAction":[{"@type":"ReadAction","target":["https:\/\/ipmark.com\/?p=17484"]}]},{"@type":"BreadcrumbList","@id":"https:\/\/ipmark.com\/?p=17484#breadcrumb","itemListElement":[{"@type":"ListItem","position":1,"name":"Portada","item":"https:\/\/ipmark.com\/"},{"@type":"ListItem","position":2,"name":"Maxus comienza a trabajar para Aegon Espa\u00f1a"}]},{"@type":"WebSite","@id":"https:\/\/ipmark.com\/#website","url":"https:\/\/ipmark.com\/","name":"IPMARK | Informaci\u00f3n de valor sobre marketing, publicidad, comunicaci\u00f3n y tendencias digitales","description":"Creaci\u00f3n de contenidos y eventos relevantes en torno a las marcas, las agencias, servicios de marketing y medios, \u00fatiles para la toma de decisiones en el d\u00eda a d\u00eda de los profesionales del marketing","potentialAction":[{"@type":"SearchAction","target":{"@type":"EntryPoint","urlTemplate":"https:\/\/ipmark.com\/?s={search_term_string}"},"query-input":{"@type":"PropertyValueSpecification","valueRequired":true,"valueName":"search_term_string"}}],"inLanguage":"es"},{"@type":"Person","@id":"https:\/\/ipmark.com\/#\/schema\/person\/27bd0ad78d511e9ab12d06f6568067e1","name":"ipmark","image":{"@type":"ImageObject","inLanguage":"es","@id":"https:\/\/secure.gravatar.com\/avatar\/386009538b8cc7d7f1fd9eb965ed74cc85c95ce0765d3dbe671542b85d6a9bae?s=96&d=mm&r=g","url":"https:\/\/secure.gravatar.com\/avatar\/386009538b8cc7d7f1fd9eb965ed74cc85c95ce0765d3dbe671542b85d6a9bae?s=96&d=mm&r=g","contentUrl":"https:\/\/secure.gravatar.com\/avatar\/386009538b8cc7d7f1fd9eb965ed74cc85c95ce0765d3dbe671542b85d6a9bae?s=96&d=mm&r=g","caption":"ipmark"},"url":"https:\/\/ipmark.com\/?author=21"}]}},"_links":{"self":[{"href":"https:\/\/ipmark.com\/index.php?rest_route=\/wp\/v2\/posts\/17484","targetHints":{"allow":["GET"]}}],"collection":[{"href":"https:\/\/ipmark.com\/index.php?rest_route=\/wp\/v2\/posts"}],"about":[{"href":"https:\/\/ipmark.com\/index.php?rest_route=\/wp\/v2\/types\/post"}],"author":[{"embeddable":true,"href":"https:\/\/ipmark.com\/index.php?rest_route=\/wp\/v2\/users\/21"}],"replies":[{"embeddable":true,"href":"https:\/\/ipmark.com\/index.php?rest_route=%2Fwp%2Fv2%2Fcomments&post=17484"}],"version-history":[{"count":0,"href":"https:\/\/ipmark.com\/index.php?rest_route=\/wp\/v2\/posts\/17484\/revisions"}],"wp:attachment":[{"href":"https:\/\/ipmark.com\/index.php?rest_route=%2Fwp%2Fv2%2Fmedia&parent=17484"}],"wp:term":[{"taxonomy":"category","embeddable":true,"href":"https:\/\/ipmark.com\/index.php?rest_route=%2Fwp%2Fv2%2Fcategories&post=17484"},{"taxonomy":"post_tag","embeddable":true,"href":"https:\/\/ipmark.com\/index.php?rest_route=%2Fwp%2Fv2%2Ftags&post=17484"}],"curies":[{"name":"wp","href":"https:\/\/api.w.org\/{rel}","templated":true}]}}