{"id":17170,"date":"2013-10-22T09:35:00","date_gmt":"2013-10-22T09:35:00","guid":{"rendered":"https:\/\/ipmark.com\/la-crisis-fomenta-el-patriotismo-de-consumo\/"},"modified":"2013-10-22T09:35:00","modified_gmt":"2013-10-22T09:35:00","slug":"la-crisis-fomenta-el-patriotismo-de-consumo","status":"publish","type":"post","link":"https:\/\/ipmark.com\/?p=17170","title":{"rendered":"La crisis fomenta el \u201cpatriotismo de consumo\u201d"},"content":{"rendered":"<p>Despu\u00e9s de los franceses (72%), los espa\u00f1oles son los europeos a los que la crisis est\u00e1 moviendo a prestar mayor atenci\u00f3n a la procedencia de los productos que consumen (67%).<\/p>\n<p>Seg\u00fan el informe \u201cEl ciudadano europeo ante la crisis\u201d, elaborado por Publicis Groupe, en colaboraci\u00f3n con IPSOS y GCI, los consumidores de nuestro pa\u00eds son los que m\u00e1s han cambiado a ra\u00edz de la crisis, siendo mucho menos derrochadores que antes (92%). El consumo se ha desplomado en Espa\u00f1a (el 63% de los ciudadanos ha reducido sus gastos). Telecomunicaciones y ocio son las partidas m\u00e1s afectadas por el recorte.<\/p>\n<p>El estudio tambi\u00e9n detecta grandes diferencias en la capacidad de ahorro entre los pa\u00edses europeos, con alemanes a la cabeza y espa\u00f1oles a la cola. En todos los indicadores del informe, los hogares espa\u00f1oles salen como los m\u00e1s perjudicados, pero es en los relacionado con el paro donde casi se doblan las cifras. Con casi un 50% de espa\u00f1oles que han dejado de buscar trabajo, el empleo se muestra como la mayor brecha con el resto de Europa.<\/p>\n<p>En conjunto, espa\u00f1oles e italianos afrontan el doble de situaciones adversas que alemanes o ingleses.<\/p>\n<p>De las grandes empresas, los europeos en general, esperan un compromiso con el empleo, y en segundo lugar, bajadas de precios, nuevos formatos de productos, mayores recompensas a la lealtad del cliente y apoyo a los proveedores locales.<\/p>\n<p>El informe concluye que los espa\u00f1oles est\u00e1n especialmente exhaustos con la crisis. Su paciencia parece a punto de acabar y, por tanto, se expresan con mucha m\u00e1s virulencia que sus pa\u00edses vecinos. En general, el sur de Europa se muestra desconfiado respecto a sus gobernantes y las reformas, pero lo m\u00e1s grave es que se sienten solos ante la crisis y sin iniciativa ni fuerzas para afrontarla. Por el contrario, el norte de Europa se muestra m\u00e1s optimista, con mayor confianza en sus gobiernos y seguros ante su capacidad para mejorar en el futuro.<\/p>\n<p>A tenor de los resultados obtenidos en la encuesta, Publicis Groupe ha dibujado el siguiente esquema seg\u00fan el impacto sufrido por la crisis dentro de los mercados analizados: <\/p>\n<p>\u00b7\tEspa\u00f1a: Un shock continuo<br \/>\n\u00b7\tItalia y Francia: Verg\u00fcenza y saturaci\u00f3n<br \/>\n\u00b7\tReino Unido: Calma en medio de la tormenta<br \/>\n\u00b7\tAlemania: Serenidad<\/p>\n<p>El estudio se ha realizado sobre una muestra de 6.198 encuestados v\u00eda online en Francia, Alemania, Espa\u00f1a, Reino Unido, Italia y Polonia. <\/p>\n<p> <a class=\"enlace\" style=\"font-size:100%\" href=\"https:\/\/dl.dropboxusercontent.com\/u\/4563905\/20130626%20crisis.pdf\">Acceder al informe<\/a><\/p>\n","protected":false},"excerpt":{"rendered":"<p>Despu\u00e9s de los franceses (72%), los espa\u00f1oles son los europeos a los que la crisis est\u00e1 moviendo a prestar mayor<\/p>\n","protected":false},"author":21,"featured_media":0,"comment_status":"open","ping_status":"closed","sticky":false,"template":"","format":"standard","meta":{"_acf_changed":false,"footnotes":""},"categories":[5901],"tags":[],"class_list":["post-17170","post","type-post","status-publish","format-standard","hentry","category-tendencias"],"acf":[],"yoast_head":"<!-- This site is optimized with the Yoast SEO plugin v28.3 - https:\/\/yoast.com\/product\/yoast-seo-wordpress\/ -->\n<title>La crisis fomenta el \u201cpatriotismo de consumo\u201d - IPMARK | Informaci\u00f3n de valor sobre marketing, publicidad, comunicaci\u00f3n y tendencias digitales<\/title>\n<meta name=\"robots\" content=\"index, follow, max-snippet:-1, max-image-preview:large, max-video-preview:-1\" \/>\n<link rel=\"canonical\" href=\"https:\/\/ipmark.com\/?p=17170\" \/>\n<meta property=\"og:locale\" content=\"es_ES\" \/>\n<meta property=\"og:type\" content=\"article\" \/>\n<meta property=\"og:title\" content=\"La crisis fomenta el \u201cpatriotismo de consumo\u201d - IPMARK | Informaci\u00f3n de valor sobre marketing, publicidad, comunicaci\u00f3n y tendencias digitales\" \/>\n<meta property=\"og:description\" content=\"Despu\u00e9s de los franceses (72%), los espa\u00f1oles son los europeos a los que la crisis est\u00e1 moviendo a prestar mayor\" \/>\n<meta property=\"og:url\" content=\"https:\/\/ipmark.com\/?p=17170\" \/>\n<meta property=\"og:site_name\" content=\"IPMARK | Informaci\u00f3n de valor sobre marketing, publicidad, comunicaci\u00f3n y tendencias digitales\" \/>\n<meta property=\"article:published_time\" content=\"2013-10-22T09:35:00+00:00\" \/>\n<meta name=\"author\" content=\"ipmark\" \/>\n<meta name=\"twitter:card\" content=\"summary_large_image\" \/>\n<meta name=\"twitter:label1\" content=\"Escrito por\" \/>\n\t<meta name=\"twitter:data1\" content=\"ipmark\" \/>\n\t<meta name=\"twitter:label2\" content=\"Tiempo de lectura\" \/>\n\t<meta name=\"twitter:data2\" content=\"2 minutos\" \/>\n<script type=\"application\/ld+json\" class=\"yoast-schema-graph\">{\"@context\":\"https:\\\/\\\/schema.org\",\"@graph\":[{\"@type\":\"Article\",\"@id\":\"https:\\\/\\\/ipmark.com\\\/?p=17170#article\",\"isPartOf\":{\"@id\":\"https:\\\/\\\/ipmark.com\\\/?p=17170\"},\"author\":{\"name\":\"ipmark\",\"@id\":\"https:\\\/\\\/ipmark.com\\\/#\\\/schema\\\/person\\\/27bd0ad78d511e9ab12d06f6568067e1\"},\"headline\":\"La crisis fomenta el \u201cpatriotismo de consumo\u201d\",\"datePublished\":\"2013-10-22T09:35:00+00:00\",\"mainEntityOfPage\":{\"@id\":\"https:\\\/\\\/ipmark.com\\\/?p=17170\"},\"wordCount\":427,\"commentCount\":0,\"articleSection\":[\"Tendencias\"],\"inLanguage\":\"es\"},{\"@type\":\"WebPage\",\"@id\":\"https:\\\/\\\/ipmark.com\\\/?p=17170\",\"url\":\"https:\\\/\\\/ipmark.com\\\/?p=17170\",\"name\":\"La crisis fomenta el \u201cpatriotismo de consumo\u201d - IPMARK | Informaci\u00f3n de valor sobre marketing, publicidad, comunicaci\u00f3n y tendencias digitales\",\"isPartOf\":{\"@id\":\"https:\\\/\\\/ipmark.com\\\/#website\"},\"datePublished\":\"2013-10-22T09:35:00+00:00\",\"author\":{\"@id\":\"https:\\\/\\\/ipmark.com\\\/#\\\/schema\\\/person\\\/27bd0ad78d511e9ab12d06f6568067e1\"},\"breadcrumb\":{\"@id\":\"https:\\\/\\\/ipmark.com\\\/?p=17170#breadcrumb\"},\"inLanguage\":\"es\",\"potentialAction\":[{\"@type\":\"ReadAction\",\"target\":[\"https:\\\/\\\/ipmark.com\\\/?p=17170\"]}]},{\"@type\":\"BreadcrumbList\",\"@id\":\"https:\\\/\\\/ipmark.com\\\/?p=17170#breadcrumb\",\"itemListElement\":[{\"@type\":\"ListItem\",\"position\":1,\"name\":\"Portada\",\"item\":\"https:\\\/\\\/ipmark.com\\\/\"},{\"@type\":\"ListItem\",\"position\":2,\"name\":\"La crisis fomenta el \u201cpatriotismo de consumo\u201d\"}]},{\"@type\":\"WebSite\",\"@id\":\"https:\\\/\\\/ipmark.com\\\/#website\",\"url\":\"https:\\\/\\\/ipmark.com\\\/\",\"name\":\"IPMARK | Informaci\u00f3n de valor sobre marketing, publicidad, comunicaci\u00f3n y tendencias digitales\",\"description\":\"Creaci\u00f3n de contenidos y eventos relevantes en torno a las marcas, las agencias, servicios de marketing y medios, \u00fatiles para la toma de decisiones en el d\u00eda a d\u00eda de los profesionales del marketing\",\"potentialAction\":[{\"@type\":\"SearchAction\",\"target\":{\"@type\":\"EntryPoint\",\"urlTemplate\":\"https:\\\/\\\/ipmark.com\\\/?s={search_term_string}\"},\"query-input\":{\"@type\":\"PropertyValueSpecification\",\"valueRequired\":true,\"valueName\":\"search_term_string\"}}],\"inLanguage\":\"es\"},{\"@type\":\"Person\",\"@id\":\"https:\\\/\\\/ipmark.com\\\/#\\\/schema\\\/person\\\/27bd0ad78d511e9ab12d06f6568067e1\",\"name\":\"ipmark\",\"image\":{\"@type\":\"ImageObject\",\"inLanguage\":\"es\",\"@id\":\"https:\\\/\\\/secure.gravatar.com\\\/avatar\\\/386009538b8cc7d7f1fd9eb965ed74cc85c95ce0765d3dbe671542b85d6a9bae?s=96&d=mm&r=g\",\"url\":\"https:\\\/\\\/secure.gravatar.com\\\/avatar\\\/386009538b8cc7d7f1fd9eb965ed74cc85c95ce0765d3dbe671542b85d6a9bae?s=96&d=mm&r=g\",\"contentUrl\":\"https:\\\/\\\/secure.gravatar.com\\\/avatar\\\/386009538b8cc7d7f1fd9eb965ed74cc85c95ce0765d3dbe671542b85d6a9bae?s=96&d=mm&r=g\",\"caption\":\"ipmark\"},\"url\":\"https:\\\/\\\/ipmark.com\\\/?author=21\"}]}<\/script>\n<!-- \/ Yoast SEO plugin. -->","yoast_head_json":{"title":"La crisis fomenta el \u201cpatriotismo de consumo\u201d - IPMARK | Informaci\u00f3n de valor sobre marketing, publicidad, comunicaci\u00f3n y tendencias digitales","robots":{"index":"index","follow":"follow","max-snippet":"max-snippet:-1","max-image-preview":"max-image-preview:large","max-video-preview":"max-video-preview:-1"},"canonical":"https:\/\/ipmark.com\/?p=17170","og_locale":"es_ES","og_type":"article","og_title":"La crisis fomenta el \u201cpatriotismo de consumo\u201d - IPMARK | Informaci\u00f3n de valor sobre marketing, publicidad, comunicaci\u00f3n y tendencias digitales","og_description":"Despu\u00e9s de los franceses (72%), los espa\u00f1oles son los europeos a los que la crisis est\u00e1 moviendo a prestar mayor","og_url":"https:\/\/ipmark.com\/?p=17170","og_site_name":"IPMARK | Informaci\u00f3n de valor sobre marketing, publicidad, comunicaci\u00f3n y tendencias digitales","article_published_time":"2013-10-22T09:35:00+00:00","author":"ipmark","twitter_card":"summary_large_image","twitter_misc":{"Escrito por":"ipmark","Tiempo de lectura":"2 minutos"},"schema":{"@context":"https:\/\/schema.org","@graph":[{"@type":"Article","@id":"https:\/\/ipmark.com\/?p=17170#article","isPartOf":{"@id":"https:\/\/ipmark.com\/?p=17170"},"author":{"name":"ipmark","@id":"https:\/\/ipmark.com\/#\/schema\/person\/27bd0ad78d511e9ab12d06f6568067e1"},"headline":"La crisis fomenta el \u201cpatriotismo de consumo\u201d","datePublished":"2013-10-22T09:35:00+00:00","mainEntityOfPage":{"@id":"https:\/\/ipmark.com\/?p=17170"},"wordCount":427,"commentCount":0,"articleSection":["Tendencias"],"inLanguage":"es"},{"@type":"WebPage","@id":"https:\/\/ipmark.com\/?p=17170","url":"https:\/\/ipmark.com\/?p=17170","name":"La crisis fomenta el \u201cpatriotismo de consumo\u201d - IPMARK | Informaci\u00f3n de valor sobre marketing, publicidad, comunicaci\u00f3n y tendencias digitales","isPartOf":{"@id":"https:\/\/ipmark.com\/#website"},"datePublished":"2013-10-22T09:35:00+00:00","author":{"@id":"https:\/\/ipmark.com\/#\/schema\/person\/27bd0ad78d511e9ab12d06f6568067e1"},"breadcrumb":{"@id":"https:\/\/ipmark.com\/?p=17170#breadcrumb"},"inLanguage":"es","potentialAction":[{"@type":"ReadAction","target":["https:\/\/ipmark.com\/?p=17170"]}]},{"@type":"BreadcrumbList","@id":"https:\/\/ipmark.com\/?p=17170#breadcrumb","itemListElement":[{"@type":"ListItem","position":1,"name":"Portada","item":"https:\/\/ipmark.com\/"},{"@type":"ListItem","position":2,"name":"La crisis fomenta el \u201cpatriotismo de consumo\u201d"}]},{"@type":"WebSite","@id":"https:\/\/ipmark.com\/#website","url":"https:\/\/ipmark.com\/","name":"IPMARK | Informaci\u00f3n de valor sobre marketing, publicidad, comunicaci\u00f3n y tendencias digitales","description":"Creaci\u00f3n de contenidos y eventos relevantes en torno a las marcas, las agencias, servicios de marketing y medios, \u00fatiles para la toma de decisiones en el d\u00eda a d\u00eda de los profesionales del marketing","potentialAction":[{"@type":"SearchAction","target":{"@type":"EntryPoint","urlTemplate":"https:\/\/ipmark.com\/?s={search_term_string}"},"query-input":{"@type":"PropertyValueSpecification","valueRequired":true,"valueName":"search_term_string"}}],"inLanguage":"es"},{"@type":"Person","@id":"https:\/\/ipmark.com\/#\/schema\/person\/27bd0ad78d511e9ab12d06f6568067e1","name":"ipmark","image":{"@type":"ImageObject","inLanguage":"es","@id":"https:\/\/secure.gravatar.com\/avatar\/386009538b8cc7d7f1fd9eb965ed74cc85c95ce0765d3dbe671542b85d6a9bae?s=96&d=mm&r=g","url":"https:\/\/secure.gravatar.com\/avatar\/386009538b8cc7d7f1fd9eb965ed74cc85c95ce0765d3dbe671542b85d6a9bae?s=96&d=mm&r=g","contentUrl":"https:\/\/secure.gravatar.com\/avatar\/386009538b8cc7d7f1fd9eb965ed74cc85c95ce0765d3dbe671542b85d6a9bae?s=96&d=mm&r=g","caption":"ipmark"},"url":"https:\/\/ipmark.com\/?author=21"}]}},"_links":{"self":[{"href":"https:\/\/ipmark.com\/index.php?rest_route=\/wp\/v2\/posts\/17170","targetHints":{"allow":["GET"]}}],"collection":[{"href":"https:\/\/ipmark.com\/index.php?rest_route=\/wp\/v2\/posts"}],"about":[{"href":"https:\/\/ipmark.com\/index.php?rest_route=\/wp\/v2\/types\/post"}],"author":[{"embeddable":true,"href":"https:\/\/ipmark.com\/index.php?rest_route=\/wp\/v2\/users\/21"}],"replies":[{"embeddable":true,"href":"https:\/\/ipmark.com\/index.php?rest_route=%2Fwp%2Fv2%2Fcomments&post=17170"}],"version-history":[{"count":0,"href":"https:\/\/ipmark.com\/index.php?rest_route=\/wp\/v2\/posts\/17170\/revisions"}],"wp:attachment":[{"href":"https:\/\/ipmark.com\/index.php?rest_route=%2Fwp%2Fv2%2Fmedia&parent=17170"}],"wp:term":[{"taxonomy":"category","embeddable":true,"href":"https:\/\/ipmark.com\/index.php?rest_route=%2Fwp%2Fv2%2Fcategories&post=17170"},{"taxonomy":"post_tag","embeddable":true,"href":"https:\/\/ipmark.com\/index.php?rest_route=%2Fwp%2Fv2%2Ftags&post=17170"}],"curies":[{"name":"wp","href":"https:\/\/api.w.org\/{rel}","templated":true}]}}