{"id":14850,"date":"2012-02-29T09:45:24","date_gmt":"2012-02-29T09:45:24","guid":{"rendered":"https:\/\/ipmark.com\/la-marca-blanca-sigue-sin-retroceder\/"},"modified":"2012-02-29T09:45:24","modified_gmt":"2012-02-29T09:45:24","slug":"la-marca-blanca-sigue-sin-retroceder","status":"publish","type":"post","link":"https:\/\/ipmark.com\/?p=14850","title":{"rendered":"La marca blanca sigue sin retroceder"},"content":{"rendered":"<p>La cuota de mercado de la marca blanca en ambos sectores fue del 33,1% en 2010 y del 31,9% en 2009, seg\u00fan los datos aportados por la Gu\u00eda de los Mercados de Gran Consumo presentada ayer por Nielsen.<\/p>\n<p>La marca de distribuci\u00f3n (MD), creci\u00f3 en todos las categor\u00edas, a pesar de que su presencia no es igual de importante en todas ellas. En droguer\u00eda y limpieza, la MD est\u00e1 a punto de quedarse con la mitad de las ventas totales, con una cuota de mercado del 48,6%, frente al 46,9% que ten\u00eda en 2010. Tambi\u00e9n en alimentaci\u00f3n alcanz\u00f3 el a\u00f1o pasado una respetable cuota del 40%. Por el contrario, la cuota de la MD en Perfumer\u00eda e Higiene es mucho m\u00e1s baja, un 20,8%, aunque sigue creciendo ( 19,9% en 2010). La misma situaci\u00f3n se reproduce en la categor\u00eda de bebidas, dentro de la que la marca blanca represent\u00f3 el 19,3% en el a\u00f1o 2011 (18,2% en 2010).<\/p>\n<p>Por otro lado hay que destacar que, tal y como se\u00f1ala Nielsen, el mercado de productos b\u00e1sicos para el hogar tuvo un crecimiento del 1,5% en 2011, moviendo un volumen de 70.400 millones de euros.<\/p>\n<p>Sectores como la hosteler\u00eda y los electrodom\u00e9sticos sufrieron especialmente los rigores de la crisis. As\u00ed, el n\u00famero de establecimientos que han cerrado desde 2008 alcanza la cifra de 12.000. Eso quiere decir que en Espa\u00f1a hay alrededor de 220.000 locales dedicados a la hosteler\u00eda, el mismo n\u00famero que en 1997.<\/p>\n<p>As\u00ed mismo, las ventas de electrodom\u00e9sticos cayeron un 16,8% con descensos de volumen en todas las gamas. Por el contrario, en farmacia aumentaron las ventas de medicamentos pero descendi\u00f3 el valor total de las mismas debido al avance de los gen\u00e9ricos. <\/p>\n","protected":false},"excerpt":{"rendered":"<p>La cuota de mercado de la marca blanca en ambos sectores fue del 33,1% en 2010 y del 31,9% en<\/p>\n","protected":false},"author":21,"featured_media":0,"comment_status":"open","ping_status":"closed","sticky":false,"template":"","format":"standard","meta":{"_acf_changed":false,"footnotes":""},"categories":[44],"tags":[],"class_list":["post-14850","post","type-post","status-publish","format-standard","hentry","category-marketing"],"acf":[],"yoast_head":"<!-- This site is optimized with the Yoast SEO plugin v28.3 - https:\/\/yoast.com\/product\/yoast-seo-wordpress\/ -->\n<title>La marca blanca sigue sin retroceder - IPMARK | Informaci\u00f3n de valor sobre marketing, publicidad, comunicaci\u00f3n y tendencias digitales<\/title>\n<meta name=\"robots\" content=\"index, follow, max-snippet:-1, max-image-preview:large, max-video-preview:-1\" \/>\n<link rel=\"canonical\" href=\"https:\/\/ipmark.com\/?p=14850\" \/>\n<meta property=\"og:locale\" content=\"es_ES\" \/>\n<meta property=\"og:type\" content=\"article\" \/>\n<meta property=\"og:title\" content=\"La marca blanca sigue sin retroceder - IPMARK | Informaci\u00f3n de valor sobre marketing, publicidad, comunicaci\u00f3n y tendencias digitales\" \/>\n<meta property=\"og:description\" content=\"La cuota de mercado de la marca blanca en ambos sectores fue del 33,1% en 2010 y del 31,9% en\" \/>\n<meta property=\"og:url\" content=\"https:\/\/ipmark.com\/?p=14850\" \/>\n<meta property=\"og:site_name\" content=\"IPMARK | Informaci\u00f3n de valor sobre marketing, publicidad, comunicaci\u00f3n y tendencias digitales\" \/>\n<meta property=\"article:published_time\" content=\"2012-02-29T09:45:24+00:00\" \/>\n<meta name=\"author\" content=\"ipmark\" \/>\n<meta name=\"twitter:card\" content=\"summary_large_image\" \/>\n<meta name=\"twitter:label1\" content=\"Escrito por\" \/>\n\t<meta name=\"twitter:data1\" content=\"ipmark\" \/>\n\t<meta name=\"twitter:label2\" content=\"Tiempo de lectura\" \/>\n\t<meta name=\"twitter:data2\" content=\"1 minuto\" \/>\n<script type=\"application\/ld+json\" class=\"yoast-schema-graph\">{\"@context\":\"https:\\\/\\\/schema.org\",\"@graph\":[{\"@type\":\"Article\",\"@id\":\"https:\\\/\\\/ipmark.com\\\/?p=14850#article\",\"isPartOf\":{\"@id\":\"https:\\\/\\\/ipmark.com\\\/?p=14850\"},\"author\":{\"name\":\"ipmark\",\"@id\":\"https:\\\/\\\/ipmark.com\\\/#\\\/schema\\\/person\\\/27bd0ad78d511e9ab12d06f6568067e1\"},\"headline\":\"La marca blanca sigue sin retroceder\",\"datePublished\":\"2012-02-29T09:45:24+00:00\",\"mainEntityOfPage\":{\"@id\":\"https:\\\/\\\/ipmark.com\\\/?p=14850\"},\"wordCount\":290,\"commentCount\":0,\"articleSection\":[\"Marketing\"],\"inLanguage\":\"es\"},{\"@type\":\"WebPage\",\"@id\":\"https:\\\/\\\/ipmark.com\\\/?p=14850\",\"url\":\"https:\\\/\\\/ipmark.com\\\/?p=14850\",\"name\":\"La marca blanca sigue sin retroceder - IPMARK | Informaci\u00f3n de valor sobre marketing, publicidad, comunicaci\u00f3n y tendencias digitales\",\"isPartOf\":{\"@id\":\"https:\\\/\\\/ipmark.com\\\/#website\"},\"datePublished\":\"2012-02-29T09:45:24+00:00\",\"author\":{\"@id\":\"https:\\\/\\\/ipmark.com\\\/#\\\/schema\\\/person\\\/27bd0ad78d511e9ab12d06f6568067e1\"},\"breadcrumb\":{\"@id\":\"https:\\\/\\\/ipmark.com\\\/?p=14850#breadcrumb\"},\"inLanguage\":\"es\",\"potentialAction\":[{\"@type\":\"ReadAction\",\"target\":[\"https:\\\/\\\/ipmark.com\\\/?p=14850\"]}]},{\"@type\":\"BreadcrumbList\",\"@id\":\"https:\\\/\\\/ipmark.com\\\/?p=14850#breadcrumb\",\"itemListElement\":[{\"@type\":\"ListItem\",\"position\":1,\"name\":\"Portada\",\"item\":\"https:\\\/\\\/ipmark.com\\\/\"},{\"@type\":\"ListItem\",\"position\":2,\"name\":\"La marca blanca sigue sin retroceder\"}]},{\"@type\":\"WebSite\",\"@id\":\"https:\\\/\\\/ipmark.com\\\/#website\",\"url\":\"https:\\\/\\\/ipmark.com\\\/\",\"name\":\"IPMARK | Informaci\u00f3n de valor sobre marketing, publicidad, comunicaci\u00f3n y tendencias digitales\",\"description\":\"Creaci\u00f3n de contenidos y eventos relevantes en torno a las marcas, las agencias, servicios de marketing y medios, \u00fatiles para la toma de decisiones en el d\u00eda a d\u00eda de los profesionales del marketing\",\"potentialAction\":[{\"@type\":\"SearchAction\",\"target\":{\"@type\":\"EntryPoint\",\"urlTemplate\":\"https:\\\/\\\/ipmark.com\\\/?s={search_term_string}\"},\"query-input\":{\"@type\":\"PropertyValueSpecification\",\"valueRequired\":true,\"valueName\":\"search_term_string\"}}],\"inLanguage\":\"es\"},{\"@type\":\"Person\",\"@id\":\"https:\\\/\\\/ipmark.com\\\/#\\\/schema\\\/person\\\/27bd0ad78d511e9ab12d06f6568067e1\",\"name\":\"ipmark\",\"image\":{\"@type\":\"ImageObject\",\"inLanguage\":\"es\",\"@id\":\"https:\\\/\\\/secure.gravatar.com\\\/avatar\\\/386009538b8cc7d7f1fd9eb965ed74cc85c95ce0765d3dbe671542b85d6a9bae?s=96&d=mm&r=g\",\"url\":\"https:\\\/\\\/secure.gravatar.com\\\/avatar\\\/386009538b8cc7d7f1fd9eb965ed74cc85c95ce0765d3dbe671542b85d6a9bae?s=96&d=mm&r=g\",\"contentUrl\":\"https:\\\/\\\/secure.gravatar.com\\\/avatar\\\/386009538b8cc7d7f1fd9eb965ed74cc85c95ce0765d3dbe671542b85d6a9bae?s=96&d=mm&r=g\",\"caption\":\"ipmark\"},\"url\":\"https:\\\/\\\/ipmark.com\\\/?author=21\"}]}<\/script>\n<!-- \/ Yoast SEO plugin. -->","yoast_head_json":{"title":"La marca blanca sigue sin retroceder - IPMARK | Informaci\u00f3n de valor sobre marketing, publicidad, comunicaci\u00f3n y tendencias digitales","robots":{"index":"index","follow":"follow","max-snippet":"max-snippet:-1","max-image-preview":"max-image-preview:large","max-video-preview":"max-video-preview:-1"},"canonical":"https:\/\/ipmark.com\/?p=14850","og_locale":"es_ES","og_type":"article","og_title":"La marca blanca sigue sin retroceder - IPMARK | Informaci\u00f3n de valor sobre marketing, publicidad, comunicaci\u00f3n y tendencias digitales","og_description":"La cuota de mercado de la marca blanca en ambos sectores fue del 33,1% en 2010 y del 31,9% en","og_url":"https:\/\/ipmark.com\/?p=14850","og_site_name":"IPMARK | Informaci\u00f3n de valor sobre marketing, publicidad, comunicaci\u00f3n y tendencias digitales","article_published_time":"2012-02-29T09:45:24+00:00","author":"ipmark","twitter_card":"summary_large_image","twitter_misc":{"Escrito por":"ipmark","Tiempo de lectura":"1 minuto"},"schema":{"@context":"https:\/\/schema.org","@graph":[{"@type":"Article","@id":"https:\/\/ipmark.com\/?p=14850#article","isPartOf":{"@id":"https:\/\/ipmark.com\/?p=14850"},"author":{"name":"ipmark","@id":"https:\/\/ipmark.com\/#\/schema\/person\/27bd0ad78d511e9ab12d06f6568067e1"},"headline":"La marca blanca sigue sin retroceder","datePublished":"2012-02-29T09:45:24+00:00","mainEntityOfPage":{"@id":"https:\/\/ipmark.com\/?p=14850"},"wordCount":290,"commentCount":0,"articleSection":["Marketing"],"inLanguage":"es"},{"@type":"WebPage","@id":"https:\/\/ipmark.com\/?p=14850","url":"https:\/\/ipmark.com\/?p=14850","name":"La marca blanca sigue sin retroceder - IPMARK | Informaci\u00f3n de valor sobre marketing, publicidad, comunicaci\u00f3n y tendencias digitales","isPartOf":{"@id":"https:\/\/ipmark.com\/#website"},"datePublished":"2012-02-29T09:45:24+00:00","author":{"@id":"https:\/\/ipmark.com\/#\/schema\/person\/27bd0ad78d511e9ab12d06f6568067e1"},"breadcrumb":{"@id":"https:\/\/ipmark.com\/?p=14850#breadcrumb"},"inLanguage":"es","potentialAction":[{"@type":"ReadAction","target":["https:\/\/ipmark.com\/?p=14850"]}]},{"@type":"BreadcrumbList","@id":"https:\/\/ipmark.com\/?p=14850#breadcrumb","itemListElement":[{"@type":"ListItem","position":1,"name":"Portada","item":"https:\/\/ipmark.com\/"},{"@type":"ListItem","position":2,"name":"La marca blanca sigue sin retroceder"}]},{"@type":"WebSite","@id":"https:\/\/ipmark.com\/#website","url":"https:\/\/ipmark.com\/","name":"IPMARK | Informaci\u00f3n de valor sobre marketing, publicidad, comunicaci\u00f3n y tendencias digitales","description":"Creaci\u00f3n de contenidos y eventos relevantes en torno a las marcas, las agencias, servicios de marketing y medios, \u00fatiles para la toma de decisiones en el d\u00eda a d\u00eda de los profesionales del marketing","potentialAction":[{"@type":"SearchAction","target":{"@type":"EntryPoint","urlTemplate":"https:\/\/ipmark.com\/?s={search_term_string}"},"query-input":{"@type":"PropertyValueSpecification","valueRequired":true,"valueName":"search_term_string"}}],"inLanguage":"es"},{"@type":"Person","@id":"https:\/\/ipmark.com\/#\/schema\/person\/27bd0ad78d511e9ab12d06f6568067e1","name":"ipmark","image":{"@type":"ImageObject","inLanguage":"es","@id":"https:\/\/secure.gravatar.com\/avatar\/386009538b8cc7d7f1fd9eb965ed74cc85c95ce0765d3dbe671542b85d6a9bae?s=96&d=mm&r=g","url":"https:\/\/secure.gravatar.com\/avatar\/386009538b8cc7d7f1fd9eb965ed74cc85c95ce0765d3dbe671542b85d6a9bae?s=96&d=mm&r=g","contentUrl":"https:\/\/secure.gravatar.com\/avatar\/386009538b8cc7d7f1fd9eb965ed74cc85c95ce0765d3dbe671542b85d6a9bae?s=96&d=mm&r=g","caption":"ipmark"},"url":"https:\/\/ipmark.com\/?author=21"}]}},"_links":{"self":[{"href":"https:\/\/ipmark.com\/index.php?rest_route=\/wp\/v2\/posts\/14850","targetHints":{"allow":["GET"]}}],"collection":[{"href":"https:\/\/ipmark.com\/index.php?rest_route=\/wp\/v2\/posts"}],"about":[{"href":"https:\/\/ipmark.com\/index.php?rest_route=\/wp\/v2\/types\/post"}],"author":[{"embeddable":true,"href":"https:\/\/ipmark.com\/index.php?rest_route=\/wp\/v2\/users\/21"}],"replies":[{"embeddable":true,"href":"https:\/\/ipmark.com\/index.php?rest_route=%2Fwp%2Fv2%2Fcomments&post=14850"}],"version-history":[{"count":0,"href":"https:\/\/ipmark.com\/index.php?rest_route=\/wp\/v2\/posts\/14850\/revisions"}],"wp:attachment":[{"href":"https:\/\/ipmark.com\/index.php?rest_route=%2Fwp%2Fv2%2Fmedia&parent=14850"}],"wp:term":[{"taxonomy":"category","embeddable":true,"href":"https:\/\/ipmark.com\/index.php?rest_route=%2Fwp%2Fv2%2Fcategories&post=14850"},{"taxonomy":"post_tag","embeddable":true,"href":"https:\/\/ipmark.com\/index.php?rest_route=%2Fwp%2Fv2%2Ftags&post=14850"}],"curies":[{"name":"wp","href":"https:\/\/api.w.org\/{rel}","templated":true}]}}